{"id":248596,"date":"2022-08-18T19:17:30","date_gmt":"2022-08-18T16:17:30","guid":{"rendered":"http:\/\/107.6.182.27\/es\/?p=248596"},"modified":"2022-08-18T19:17:30","modified_gmt":"2022-08-18T16:17:30","slug":"partidos-nacionalistas-e-izquierdistas-de-jordania-renuevan-su-apoyo-a-siria","status":"publish","type":"post","link":"https:\/\/archive.sana.sy\/es\/?p=248596","title":{"rendered":"Partidos nacionalistas e izquierdistas de Jordania renuevan su apoyo a Siria"},"content":{"rendered":"<p style=\"text-align: justify;\"><span style=\"color: #800000;\"><strong>Am\u00e1n, 18 ago (SANA)\u00a0 \u00a0 \u00a0<\/strong><\/span>La Coalici\u00f3n de partidos nacionalistas e izquierdistas de Jordania renov\u00f3 su apoyo a Siria frente a la agresi\u00f3n, el embargo y la guerra.<\/p>\n<p style=\"text-align: justify;\">El portavoz de la Coalici\u00f3n y secretario general del Partido \u00c1rabe Progresista Baath, Fouad Dabour, dijo en una declaraci\u00f3n: &#8220;reafirmamos nuestra posici\u00f3n una vez m\u00e1s con Siria frente a los repetidos ataques sionistas, as\u00ed como frente a la depredadora ocupaci\u00f3n estadounidense, la ocupaci\u00f3n turca y sus clientes.<\/p>\n<p style=\"text-align: justify;\">Dijo que la lucha con el enemigo sionista es una lucha hasta la liberaci\u00f3n de la tierra palestina y \u00e1rabe ocupada, subrayando la importancia de la resistencia en todas sus formas.<\/p>\n<p style=\"text-align: justify;\">Dabour se\u00f1al\u00f3 que el pueblo \u00e1rabe palestino resiste al enemigo sionista con una firmeza y coraje indoblegables.<br \/>\n\u201cLa coalici\u00f3n apoya al pueblo \u00e1rabe en el L\u00edbano frente al enemigo sionista que est\u00e1 tratando de robar sus recursos naturales: el gas y el petr\u00f3leo\u201d, agreg\u00f3.<\/p>\n<p style=\"text-align: justify;\">rsh\/sm<\/p>\n","protected":false},"excerpt":{"rendered":"<p>Am\u00e1n, 18 ago (SANA)\u00a0 \u00a0 \u00a0La Coalici\u00f3n de partidos nacionalistas e izquierdistas de Jordania renov\u00f3 su apoyo a Siria frente a la agresi\u00f3n, el embargo y la guerra. El portavoz de la Coalici\u00f3n y secretario general del Partido \u00c1rabe Progresista Baath, Fouad Dabour, dijo en una declaraci\u00f3n: &#8220;reafirmamos nuestra posici\u00f3n una vez m\u00e1s con Siria &hellip;<\/p>\n","protected":false},"author":39,"featured_media":248597,"comment_status":"closed","ping_status":"closed","sticky":false,"template":"","format":"standard","meta":{"footnotes":""},"categories":[597,467,7541],"tags":[],"class_list":["post-248596","post","type-post","status-publish","format-standard","has-post-thumbnail","","category-cinta-de-noticias","category-siria-y-el-mundo","category-ultimas-noticias"],"_links":{"self":[{"href":"https:\/\/archive.sana.sy\/es\/index.php?rest_route=\/wp\/v2\/posts\/248596"}],"collection":[{"href":"https:\/\/archive.sana.sy\/es\/index.php?rest_route=\/wp\/v2\/posts"}],"about":[{"href":"https:\/\/archive.sana.sy\/es\/index.php?rest_route=\/wp\/v2\/types\/post"}],"author":[{"embeddable":true,"href":"https:\/\/archive.sana.sy\/es\/index.php?rest_route=\/wp\/v2\/users\/39"}],"replies":[{"embeddable":true,"href":"https:\/\/archive.sana.sy\/es\/index.php?rest_route=%2Fwp%2Fv2%2Fcomments&post=248596"}],"version-history":[{"count":0,"href":"https:\/\/archive.sana.sy\/es\/index.php?rest_route=\/wp\/v2\/posts\/248596\/revisions"}],"wp:featuredmedia":[{"embeddable":true,"href":"https:\/\/archive.sana.sy\/es\/index.php?rest_route=\/wp\/v2\/media\/248597"}],"wp:attachment":[{"href":"https:\/\/archive.sana.sy\/es\/index.php?rest_route=%2Fwp%2Fv2%2Fmedia&parent=248596"}],"wp:term":[{"taxonomy":"category","embeddable":true,"href":"https:\/\/archive.sana.sy\/es\/index.php?rest_route=%2Fwp%2Fv2%2Fcategories&post=248596"},{"taxonomy":"post_tag","embeddable":true,"href":"https:\/\/archive.sana.sy\/es\/index.php?rest_route=%2Fwp%2Fv2%2Ftags&post=248596"}],"curies":[{"name":"wp","href":"https:\/\/api.w.org\/{rel}","templated":true}]}}