{"id":248621,"date":"2022-08-18T22:03:51","date_gmt":"2022-08-18T19:03:51","guid":{"rendered":"http:\/\/107.6.182.27\/es\/?p=248621"},"modified":"2022-08-19T22:43:42","modified_gmt":"2022-08-19T19:43:42","slug":"en-nombre-del-presidente-al-assad-y-la-primera-dama-el-ministro-azzam-visita-al-gran-historiador-muhammad-qajah","status":"publish","type":"post","link":"https:\/\/archive.sana.sy\/es\/?p=248621","title":{"rendered":"En nombre del presidente al-Assad y la Primera Dama, el ministro Azzam visita al gran historiador Muhammad Qajah"},"content":{"rendered":"<p style=\"text-align: justify;\"><span style=\"color: #800000;\"><strong>Alepo, 18 ago (SANA)\u00a0<\/strong> <\/span>El Ministro de Asuntos de la Presidencia, Mansour Azzam, visit\u00f3 al investigador e historiador sirio Muhammad Qajah en su domicilio de la ciudad de Alepo para preguntar por su salud en nombre del presidente Bashar al-Assad y la Sra. Asmaa al-Assad, y le transmiti\u00f3 sus deseos de salud y bienestar.<\/p>\n<p style=\"text-align: justify;\">Qajah quien naci\u00f3 en Alepo en 1939 es considerado una de las eminencias del pa\u00eds, pues \u00e9l es amante de la historia, la cultura y el patrimonio, ya que siempre ha llevado a Alepo en su coraz\u00f3n y le dio generosamente de su talento, por ello los paisanos lo califican como la \u201csegunda ciudadela de Alepo\u201d.<\/p>\n<p style=\"text-align: justify;\">A su vez el historiador Kajah entreg\u00f3 un obsequio para el Presidente y la Sra. Asmaa, consistente en un libro que escribi\u00f3 sobre Alepo, Capital de la Cultura, del que se han distribuido m\u00e1s de 100.000 ejemplares en el mundo \u00e1rabe y musulm\u00e1n.<\/p>\n<p style=\"text-align: justify;\">Se desempe\u00f1\u00f3 como Secretario General de la &#8220;Festividad de Alepo, Capital de la Cultura Isl\u00e1mica&#8221; en 2006; como consejero de la UNESCO para el patrimonio inmaterial en Siria en 2010; y como editor en jefe de la revista al-Turath y titular de la Comisi\u00f3n del Registro Nacional del Patrimonio Cultural.<\/p>\n<p style=\"text-align: justify;\">Tambi\u00e9n obtuvo el Premio de Reconocimiento del Estado en el campo de la Cr\u00edtica, los Estudios y la Traducci\u00f3n 2016.<br \/>\nFunge como presidente de la junta directiva de la &#8220;Asociaci\u00f3n al-Adiyat&#8221; desde 1994.<\/p>\n<p style=\"text-align: justify;\">rsh\/sm<\/p>\n","protected":false},"excerpt":{"rendered":"<p>Alepo, 18 ago (SANA)\u00a0 El Ministro de Asuntos de la Presidencia, Mansour Azzam, visit\u00f3 al investigador e historiador sirio Muhammad Qajah en su domicilio de la ciudad de Alepo para preguntar por su salud en nombre del presidente Bashar al-Assad y la Sra. Asmaa al-Assad, y le transmiti\u00f3 sus deseos de salud y bienestar. Qajah &hellip;<\/p>\n","protected":false},"author":39,"featured_media":248622,"comment_status":"closed","ping_status":"closed","sticky":false,"template":"","format":"standard","meta":{"footnotes":""},"categories":[597,476,16237,626,7541],"tags":[],"class_list":["post-248621","post","type-post","status-publish","format-standard","has-post-thumbnail","","category-cinta-de-noticias","category-locales","category-presidence-de-la-republique-arabe-syria","category-sr-presidente","category-ultimas-noticias"],"_links":{"self":[{"href":"https:\/\/archive.sana.sy\/es\/index.php?rest_route=\/wp\/v2\/posts\/248621"}],"collection":[{"href":"https:\/\/archive.sana.sy\/es\/index.php?rest_route=\/wp\/v2\/posts"}],"about":[{"href":"https:\/\/archive.sana.sy\/es\/index.php?rest_route=\/wp\/v2\/types\/post"}],"author":[{"embeddable":true,"href":"https:\/\/archive.sana.sy\/es\/index.php?rest_route=\/wp\/v2\/users\/39"}],"replies":[{"embeddable":true,"href":"https:\/\/archive.sana.sy\/es\/index.php?rest_route=%2Fwp%2Fv2%2Fcomments&post=248621"}],"version-history":[{"count":0,"href":"https:\/\/archive.sana.sy\/es\/index.php?rest_route=\/wp\/v2\/posts\/248621\/revisions"}],"wp:featuredmedia":[{"embeddable":true,"href":"https:\/\/archive.sana.sy\/es\/index.php?rest_route=\/wp\/v2\/media\/248622"}],"wp:attachment":[{"href":"https:\/\/archive.sana.sy\/es\/index.php?rest_route=%2Fwp%2Fv2%2Fmedia&parent=248621"}],"wp:term":[{"taxonomy":"category","embeddable":true,"href":"https:\/\/archive.sana.sy\/es\/index.php?rest_route=%2Fwp%2Fv2%2Fcategories&post=248621"},{"taxonomy":"post_tag","embeddable":true,"href":"https:\/\/archive.sana.sy\/es\/index.php?rest_route=%2Fwp%2Fv2%2Ftags&post=248621"}],"curies":[{"name":"wp","href":"https:\/\/api.w.org\/{rel}","templated":true}]}}