{"id":248632,"date":"2022-08-19T08:09:57","date_gmt":"2022-08-19T05:09:57","guid":{"rendered":"http:\/\/107.6.182.27\/es\/?p=248632"},"modified":"2022-08-19T08:09:57","modified_gmt":"2022-08-19T05:09:57","slug":"cancilleres-de-siria-y-rusia-sostendran-conversaciones-en-moscu-el-23-de-agosto","status":"publish","type":"post","link":"https:\/\/archive.sana.sy\/es\/?p=248632","title":{"rendered":"Cancilleres de Siria y Rusia sostendr\u00e1n conversaciones en Mosc\u00fa el 23 de agosto"},"content":{"rendered":"<p style=\"text-align: justify;\"><span style=\"color: #800000;\"><strong><span style=\"font-family: arial, helvetica, sans-serif;\">Mosc\u00fa, 19 ago (SANA) <\/span><\/strong><\/span><span style=\"font-family: arial, helvetica, sans-serif;\">El ministerio de Relaciones Exteriores de Rusia anunci\u00f3 que, el ministro Sergei Lavrov sostendr\u00e1 conversaciones con su par sirio, Faisal al-Mekdad, en Mosc\u00fa el 23 del mes en curso.<\/span><\/p>\n<p style=\"text-align: justify;\"><span style=\"font-family: arial, helvetica, sans-serif;\">La agencia Novosti cit\u00f3 a Ivan Nechaev, subdirector del Departamento de Informaci\u00f3n y Prensa de la Canciller\u00eda rusa diciendo en un comunicado de prensa que las conversaciones de los titulares abordar\u00e1n las perspectivas para el desarrollo de las relaciones ruso-sirias en todos los planos.<\/span><\/p>\n<p style=\"text-align: justify;\"><span style=\"font-family: arial, helvetica, sans-serif;\">El funcionario ruso agreg\u00f3 que ambas partes abordar\u00e1n la situaci\u00f3n en Siria e intercambiar\u00e1n puntos de vista sobre los desarrollos internacionales y regionales.<\/span><\/p>\n<p style=\"text-align: justify;\"><em><strong>ah\/rsh<\/strong><\/em><\/p>\n","protected":false},"excerpt":{"rendered":"<p>Mosc\u00fa, 19 ago (SANA) El ministerio de Relaciones Exteriores de Rusia anunci\u00f3 que, el ministro Sergei Lavrov sostendr\u00e1 conversaciones con su par sirio, Faisal al-Mekdad, en Mosc\u00fa el 23 del mes en curso. La agencia Novosti cit\u00f3 a Ivan Nechaev, subdirector del Departamento de Informaci\u00f3n y Prensa de la Canciller\u00eda rusa diciendo en un comunicado &hellip;<\/p>\n","protected":false},"author":30,"featured_media":248633,"comment_status":"closed","ping_status":"closed","sticky":false,"template":"","format":"standard","meta":{"footnotes":""},"categories":[597,20724,467,7541],"tags":[],"class_list":["post-248632","post","type-post","status-publish","format-standard","has-post-thumbnail","","category-cinta-de-noticias","category-minuto-a-minuto","category-siria-y-el-mundo","category-ultimas-noticias"],"_links":{"self":[{"href":"https:\/\/archive.sana.sy\/es\/index.php?rest_route=\/wp\/v2\/posts\/248632"}],"collection":[{"href":"https:\/\/archive.sana.sy\/es\/index.php?rest_route=\/wp\/v2\/posts"}],"about":[{"href":"https:\/\/archive.sana.sy\/es\/index.php?rest_route=\/wp\/v2\/types\/post"}],"author":[{"embeddable":true,"href":"https:\/\/archive.sana.sy\/es\/index.php?rest_route=\/wp\/v2\/users\/30"}],"replies":[{"embeddable":true,"href":"https:\/\/archive.sana.sy\/es\/index.php?rest_route=%2Fwp%2Fv2%2Fcomments&post=248632"}],"version-history":[{"count":0,"href":"https:\/\/archive.sana.sy\/es\/index.php?rest_route=\/wp\/v2\/posts\/248632\/revisions"}],"wp:featuredmedia":[{"embeddable":true,"href":"https:\/\/archive.sana.sy\/es\/index.php?rest_route=\/wp\/v2\/media\/248633"}],"wp:attachment":[{"href":"https:\/\/archive.sana.sy\/es\/index.php?rest_route=%2Fwp%2Fv2%2Fmedia&parent=248632"}],"wp:term":[{"taxonomy":"category","embeddable":true,"href":"https:\/\/archive.sana.sy\/es\/index.php?rest_route=%2Fwp%2Fv2%2Fcategories&post=248632"},{"taxonomy":"post_tag","embeddable":true,"href":"https:\/\/archive.sana.sy\/es\/index.php?rest_route=%2Fwp%2Fv2%2Ftags&post=248632"}],"curies":[{"name":"wp","href":"https:\/\/api.w.org\/{rel}","templated":true}]}}