{"id":248635,"date":"2022-08-19T08:22:53","date_gmt":"2022-08-19T05:22:53","guid":{"rendered":"http:\/\/107.6.182.27\/es\/?p=248635"},"modified":"2022-08-19T22:42:12","modified_gmt":"2022-08-19T19:42:12","slug":"reunion-gubernamental-para-dar-seguimiento-a-una-serie-de-proyectos-de-servicios-y-desarrollo-en-alepo","status":"publish","type":"post","link":"https:\/\/archive.sana.sy\/es\/?p=248635","title":{"rendered":"Reuni\u00f3n gubernamental para dar seguimiento a una serie de proyectos de servicios y desarrollo en Alepo"},"content":{"rendered":"<p style=\"text-align: justify;\"><span style=\"color: #800000;\"><strong><span style=\"font-family: arial, helvetica, sans-serif;\">Alepo, 19 ago (SANA) <\/span><\/strong><\/span><span style=\"font-family: arial, helvetica, sans-serif;\">En aplicaci\u00f3n de las directivas del Presidente Bashar al-Asad tras su reciente visita a Alepo, una delegaci\u00f3n gubernamental encabezada por el primer ministro, Husein Arnous, celebr\u00f3 la v\u00edspera una reuni\u00f3n en el ayuntamiento de Alepo para dar seguimiento a la ejecuci\u00f3n de una serie de proyectos vitales aprobados por el Gabinete.<\/span><\/p>\n<p style=\"text-align: justify;\"><span style=\"font-family: arial, helvetica, sans-serif;\">En la reuni\u00f3n participaron los directores de las instituciones competentes, y se a\u00f1adieron nuevas asignaciones financieras para completar la aplicaci\u00f3n de esos proyectos.<\/span><\/p>\n<p style=\"text-align: justify;\"><span style=\"font-family: arial, helvetica, sans-serif;\">Los proyectos incluyeron el suministro de agua potable a una localidad, la finalizaci\u00f3n de la primera fase del proyecto Jeb Ghobsha al-Seine para suministrar agua a 26 aldeas, as\u00ed como la finalizaci\u00f3n de la rehabilitaci\u00f3n de 4.400 hect\u00e1reas en las llanuras del sur de Alepo.<\/span><\/p>\n<p style=\"text-align: justify;\"><span style=\"font-family: arial, helvetica, sans-serif;\">Asimismo, incluyeron la preparaci\u00f3n del estudio t\u00e9cnico y ejecutivo del proyecto para suministrar agua a las aldeas del campo sur de Alepo, la rehabilitaci\u00f3n de tres plantas en la central t\u00e9rmica de Alepo, as\u00ed como la finalizaci\u00f3n de la infraestructura del mercado \u201cBashaer\u201d para el turismo y el patrimonio en el centro de la ciudad, a\u00f1\u00e1dale la finalizaci\u00f3n de la instalaci\u00f3n de 100 centros transformadores en la ciudad de Alepo y 50 centros en el campo durante el a\u00f1o en curso.<\/span><\/p>\n<p style=\"text-align: justify;\"><span style=\"font-family: arial, helvetica, sans-serif;\">En el mismo contexto, fueron incluidos el proyecto de ramificaci\u00f3n de la l\u00ednea ferroviaria de la Estaci\u00f3n T\u00e9rmica de Alepo en el plan de 2022, la finalizaci\u00f3n de la rehabilitaci\u00f3n del faro en la Ciudad Vieja, as\u00ed como la rehabilitaci\u00f3n del hospital oncol\u00f3gico.<\/span><\/p>\n<p style=\"text-align: justify;\"><span style=\"font-family: arial, helvetica, sans-serif;\">Durante la reuni\u00f3n, el Primer Ministro resalt\u00f3 que se a\u00f1adieron asignaciones financieras adicionales para completar la implementaci\u00f3n de estos proyectos de acuerdo con calendarios espec\u00edficos y la calidad requerida.<\/span><\/p>\n<p style=\"text-align: justify;\"><em><strong>ah\/rsh<\/strong><\/em><\/p>\n","protected":false},"excerpt":{"rendered":"<p>Alepo, 19 ago (SANA) En aplicaci\u00f3n de las directivas del Presidente Bashar al-Asad tras su reciente visita a Alepo, una delegaci\u00f3n gubernamental encabezada por el primer ministro, Husein Arnous, celebr\u00f3 la v\u00edspera una reuni\u00f3n en el ayuntamiento de Alepo para dar seguimiento a la ejecuci\u00f3n de una serie de proyectos vitales aprobados por el Gabinete. &hellip;<\/p>\n","protected":false},"author":30,"featured_media":248636,"comment_status":"closed","ping_status":"closed","sticky":false,"template":"","format":"standard","meta":{"footnotes":""},"categories":[597,20724,476,583],"tags":[],"class_list":["post-248635","post","type-post","status-publish","format-standard","has-post-thumbnail","","category-cinta-de-noticias","category-minuto-a-minuto","category-locales","category-slide"],"_links":{"self":[{"href":"https:\/\/archive.sana.sy\/es\/index.php?rest_route=\/wp\/v2\/posts\/248635"}],"collection":[{"href":"https:\/\/archive.sana.sy\/es\/index.php?rest_route=\/wp\/v2\/posts"}],"about":[{"href":"https:\/\/archive.sana.sy\/es\/index.php?rest_route=\/wp\/v2\/types\/post"}],"author":[{"embeddable":true,"href":"https:\/\/archive.sana.sy\/es\/index.php?rest_route=\/wp\/v2\/users\/30"}],"replies":[{"embeddable":true,"href":"https:\/\/archive.sana.sy\/es\/index.php?rest_route=%2Fwp%2Fv2%2Fcomments&post=248635"}],"version-history":[{"count":0,"href":"https:\/\/archive.sana.sy\/es\/index.php?rest_route=\/wp\/v2\/posts\/248635\/revisions"}],"wp:featuredmedia":[{"embeddable":true,"href":"https:\/\/archive.sana.sy\/es\/index.php?rest_route=\/wp\/v2\/media\/248636"}],"wp:attachment":[{"href":"https:\/\/archive.sana.sy\/es\/index.php?rest_route=%2Fwp%2Fv2%2Fmedia&parent=248635"}],"wp:term":[{"taxonomy":"category","embeddable":true,"href":"https:\/\/archive.sana.sy\/es\/index.php?rest_route=%2Fwp%2Fv2%2Fcategories&post=248635"},{"taxonomy":"post_tag","embeddable":true,"href":"https:\/\/archive.sana.sy\/es\/index.php?rest_route=%2Fwp%2Fv2%2Ftags&post=248635"}],"curies":[{"name":"wp","href":"https:\/\/api.w.org\/{rel}","templated":true}]}}