{"id":24866,"date":"2015-06-11T16:46:24","date_gmt":"2015-06-11T13:46:24","guid":{"rendered":"http:\/\/sana.sy\/es\/?p=24866"},"modified":"2015-06-13T14:57:02","modified_gmt":"2015-06-13T11:57:02","slug":"el-presidente-al-assad-recibe-una-delegacion-del-santo-sinodo-de-la-iglesia-siriaca-ortodoxa","status":"publish","type":"post","link":"https:\/\/archive.sana.sy\/es\/?p=24866","title":{"rendered":"El presidente al-Assad recibe una delegaci\u00f3n del Santo S\u00ednodo de la Iglesia Siriaca-ortodoxa"},"content":{"rendered":"<p><span style=\"color: #800000\">Damasco, SANA<\/span><\/p>\n<p>El presidente Bashar al-Assad se reuni\u00f3 este jueves con los miembros del Santo S\u00ednodo de la Iglesia Siriaca-ortodoxa en el mundo.<\/p>\n<p>En la reuni\u00f3n, el mandatario sirio explic\u00f3 que nuestra regi\u00f3n se ve blanco de una ofensiva terrorista basada en la ideolog\u00eda takfiri extremista. Esta ofensiva est\u00e1 encaminada contra la diversificadas sociedad y cultura de esa regi\u00f3n en general y de Siria en particular.<\/p>\n<p>Asimismo el presidente agreg\u00f3 que el factor m\u00e1s destacado en el enfrentamiento al pensamiento wahabi extremista que no se limita a una nacionalidad ni reconoce fronteras se materializa en el aferramiento a los valores morales a las que llamaron todas las religiones, las cuales se basan en la apertura intelectual, la tolerancia y la libertad ideol\u00f3gica.<\/p>\n<p>Los miembros del S\u00ednodo hicieron hincapi\u00e9 en que Siria permanecer\u00e1 la patria de todos los sirios con sus diferentes pertenencias, y el refugio de todos los que conf\u00edan en los valores humanos de tolerancia, pese a la guerra terrorista librada en su contra. Asimismo expresaron su fe en la capacidad del pueblo, el ej\u00e9rcito, y el liderazgo de Siria de lograr la victoria y erradicar el terrorismo.<\/p>\n<p>Por su parte, el patriarca Mar Ignatios Afram II, Patriarca de Antioqu\u00eda todo el Oriente, Presidente Supremo de la Iglesia Siriaca-ortodoxa en el mundo, consider\u00f3 que la celebraci\u00f3n de la sesi\u00f3n del Santo S\u00ednodo del Iglesia Siriaca-ortodoxa de todo el mundo en la localidad siria de Saydnaya es un mensaje que expresa el apoyo de los reunidos al pueblo sirio frente a la embestida desatada en su contra, as\u00ed como se trata de un llamamiento a la comunidad internacional para que trabaje para restaurar la paz y seguridad en Siria.<\/p>\n<p>Es de se\u00f1alar que la delegaci\u00f3n est\u00e1 integrada por un conjunto de cl\u00e9rigos de la Iglesia Siriaca-ortodoxa de Siria, Irak, Turqu\u00eda, Sueca, Alemania, Holanda, Guatemala, Brasil y la India.<\/p>\n<p>&nbsp;<\/p>\n<p><span style=\"color: #000000\">\u00a0Lynn A., Hala B.<\/span><\/p>\n","protected":false},"excerpt":{"rendered":"<p>Damasco, SANA El presidente Bashar al-Assad se reuni\u00f3 este jueves con los miembros del Santo S\u00ednodo de la Iglesia Siriaca-ortodoxa en el mundo. En la reuni\u00f3n, el mandatario sirio explic\u00f3 que nuestra regi\u00f3n se ve blanco de una ofensiva terrorista basada en la ideolog\u00eda takfiri extremista. Esta ofensiva est\u00e1 encaminada contra la diversificadas sociedad y &hellip;<\/p>\n","protected":false},"author":1,"featured_media":24892,"comment_status":"closed","ping_status":"closed","sticky":false,"template":"","format":"standard","meta":{"footnotes":""},"categories":[477,476,626],"tags":[5603],"class_list":["post-24866","post","type-post","status-publish","format-standard","has-post-thumbnail","","category-noticias-edulcorantes","category-locales","category-sr-presidente","tag-el-presidente-al-assad-recibe-una-delegacion-del-santo-sinodo-de-la-iglesia-siriaca-ortodoxa"],"_links":{"self":[{"href":"https:\/\/archive.sana.sy\/es\/index.php?rest_route=\/wp\/v2\/posts\/24866"}],"collection":[{"href":"https:\/\/archive.sana.sy\/es\/index.php?rest_route=\/wp\/v2\/posts"}],"about":[{"href":"https:\/\/archive.sana.sy\/es\/index.php?rest_route=\/wp\/v2\/types\/post"}],"author":[{"embeddable":true,"href":"https:\/\/archive.sana.sy\/es\/index.php?rest_route=\/wp\/v2\/users\/1"}],"replies":[{"embeddable":true,"href":"https:\/\/archive.sana.sy\/es\/index.php?rest_route=%2Fwp%2Fv2%2Fcomments&post=24866"}],"version-history":[{"count":0,"href":"https:\/\/archive.sana.sy\/es\/index.php?rest_route=\/wp\/v2\/posts\/24866\/revisions"}],"wp:featuredmedia":[{"embeddable":true,"href":"https:\/\/archive.sana.sy\/es\/index.php?rest_route=\/wp\/v2\/media\/24892"}],"wp:attachment":[{"href":"https:\/\/archive.sana.sy\/es\/index.php?rest_route=%2Fwp%2Fv2%2Fmedia&parent=24866"}],"wp:term":[{"taxonomy":"category","embeddable":true,"href":"https:\/\/archive.sana.sy\/es\/index.php?rest_route=%2Fwp%2Fv2%2Fcategories&post=24866"},{"taxonomy":"post_tag","embeddable":true,"href":"https:\/\/archive.sana.sy\/es\/index.php?rest_route=%2Fwp%2Fv2%2Ftags&post=24866"}],"curies":[{"name":"wp","href":"https:\/\/api.w.org\/{rel}","templated":true}]}}