{"id":248836,"date":"2022-08-20T12:06:54","date_gmt":"2022-08-20T09:06:54","guid":{"rendered":"http:\/\/107.6.182.27\/es\/?p=248836"},"modified":"2023-01-10T15:54:33","modified_gmt":"2023-01-10T13:54:33","slug":"continua-campana-de-arrestos-arbitrarios-israelies-contra-los-palestinos-en-cisjordania","status":"publish","type":"post","link":"https:\/\/archive.sana.sy\/es\/?p=248836","title":{"rendered":"Contin\u00faa campa\u00f1a de arrestos arbitrarios israel\u00edes contra los palestinos en Cisjordania"},"content":{"rendered":"<p style=\"text-align: justify;\"><strong>Jerusal\u00e9n ocupada, 20 ago (SANA)<\/strong>\u00a0 \u00a0Las fuerzas de ocupaci\u00f3n israel\u00edes arrestaron al amanecer de hoy a tres palestinos en Cisjordania.<\/p>\n<p style=\"text-align: justify;\">La agencia palestina Wafa divulg\u00f3 que las fuerzas de ocupaci\u00f3n arrestaron a un joven en uno de sus puestos de control cerca del pueblo de Zatara, al sur de Naplusa, y a otros dos en la Ciudad Vieja de Jerusal\u00e9n.<\/p>\n<p style=\"text-align: justify;\">La noche del viernes, los militares sionistas arrestaron a un ni\u00f1o mientras se encontraba en la Ciudad Vieja, en el centro de Jerusal\u00e9n.<\/p>\n<p style=\"text-align: justify;\">as\/fm<\/p>\n","protected":false},"excerpt":{"rendered":"<p>Jerusal\u00e9n ocupada, 20 ago (SANA)\u00a0 \u00a0Las fuerzas de ocupaci\u00f3n israel\u00edes arrestaron al amanecer de hoy a tres palestinos en Cisjordania. La agencia palestina Wafa divulg\u00f3 que las fuerzas de ocupaci\u00f3n arrestaron a un joven en uno de sus puestos de control cerca del pueblo de Zatara, al sur de Naplusa, y a otros dos en &hellip;<\/p>\n","protected":false},"author":34,"featured_media":248835,"comment_status":"closed","ping_status":"closed","sticky":false,"template":"","format":"standard","meta":{"footnotes":""},"categories":[597,456,20724,7541],"tags":[],"class_list":["post-248836","post","type-post","status-publish","format-standard","has-post-thumbnail","","category-cinta-de-noticias","category-arabe-internacional-politica","category-minuto-a-minuto","category-ultimas-noticias"],"_links":{"self":[{"href":"https:\/\/archive.sana.sy\/es\/index.php?rest_route=\/wp\/v2\/posts\/248836"}],"collection":[{"href":"https:\/\/archive.sana.sy\/es\/index.php?rest_route=\/wp\/v2\/posts"}],"about":[{"href":"https:\/\/archive.sana.sy\/es\/index.php?rest_route=\/wp\/v2\/types\/post"}],"author":[{"embeddable":true,"href":"https:\/\/archive.sana.sy\/es\/index.php?rest_route=\/wp\/v2\/users\/34"}],"replies":[{"embeddable":true,"href":"https:\/\/archive.sana.sy\/es\/index.php?rest_route=%2Fwp%2Fv2%2Fcomments&post=248836"}],"version-history":[{"count":0,"href":"https:\/\/archive.sana.sy\/es\/index.php?rest_route=\/wp\/v2\/posts\/248836\/revisions"}],"wp:featuredmedia":[{"embeddable":true,"href":"https:\/\/archive.sana.sy\/es\/index.php?rest_route=\/wp\/v2\/media\/248835"}],"wp:attachment":[{"href":"https:\/\/archive.sana.sy\/es\/index.php?rest_route=%2Fwp%2Fv2%2Fmedia&parent=248836"}],"wp:term":[{"taxonomy":"category","embeddable":true,"href":"https:\/\/archive.sana.sy\/es\/index.php?rest_route=%2Fwp%2Fv2%2Fcategories&post=248836"},{"taxonomy":"post_tag","embeddable":true,"href":"https:\/\/archive.sana.sy\/es\/index.php?rest_route=%2Fwp%2Fv2%2Ftags&post=248836"}],"curies":[{"name":"wp","href":"https:\/\/api.w.org\/{rel}","templated":true}]}}