{"id":24885,"date":"2015-06-11T17:42:37","date_gmt":"2015-06-11T14:42:37","guid":{"rendered":"http:\/\/www.sana.sy\/es\/?p=24885"},"modified":"2015-06-11T17:42:37","modified_gmt":"2015-06-11T14:42:37","slug":"al-menos-30-victimas-mortales-en-una-masacre-cometida-por-los-terroristas-del-frente-de-al-nousra-en-idleb","status":"publish","type":"post","link":"https:\/\/archive.sana.sy\/es\/?p=24885","title":{"rendered":"Al menos 30 v\u00edctimas mortales en una masacre cometida por los terroristas del Frente de al-Nousra en Idleb"},"content":{"rendered":"<p><span style=\"color: #800000\">Idleb, SANA<\/span><\/p>\n<p>Los terroristas del Frente de al-Nousra y el llamado \u201cMovimiento Isl\u00e1mico de los Libres de Shaam\u201d cometieron anoche una horrible masacre contra los habitantes del pueblo de Kalb Alloz en el campo de Idleb, la cual se cobr\u00f3 la vida de al menos 30 personas.<\/p>\n<p>Fuentes extra oficiales informaron que decenas de terroristas de estas dos organizaciones arremetieron contra los poblados de Kalb Alloz, y masacraron a al menos treinta personas, entre las cuales cinco v\u00edctimas de una misma familia.<\/p>\n<p>Los referidos terroristas saquearon las casas de las v\u00edctimas y procedieron luego a prender fuego a las mismas, a\u00f1adi\u00f3 la fuente.<\/p>\n<p>Asimismo destac\u00f3 que entre las v\u00edctimas de esta escalofriante masacre, se encuentran tres cl\u00e9rigos, y dos mujeres, aclarando que los terroristas procedieron a degollar a algunas personas y luego mutilaron a los cuerpos, as\u00ed como cerraron las entradas del pueblo ubicado en el monte de al-Semak cerca de la frontera con Turqu\u00eda con barricadas para impedir la ayuda a los poblados quienes consiguieron eliminar a cinco de los terroristas en cuesti\u00f3n.<\/p>\n<p>Cabe mencionar que los terroristas del Frente de al-Nousra han cometido numerosas masacres en la provincia de Idleb, entre las cuales la masacre de Ishtabrak en el campo de Yisr Al Shughour, en la cual 200 civiles, perdieron la vida, ni\u00f1os y mujeres en su gran mayor\u00eda.<\/p>\n<p>Lynn A.<\/p>\n","protected":false},"excerpt":{"rendered":"<p>Idleb, SANA Los terroristas del Frente de al-Nousra y el llamado \u201cMovimiento Isl\u00e1mico de los Libres de Shaam\u201d cometieron anoche una horrible masacre contra los habitantes del pueblo de Kalb Alloz en el campo de Idleb, la cual se cobr\u00f3 la vida de al menos 30 personas. Fuentes extra oficiales informaron que decenas de terroristas &hellip;<\/p>\n","protected":false},"author":24,"featured_media":0,"comment_status":"closed","ping_status":"closed","sticky":false,"template":"","format":"standard","meta":{"footnotes":""},"categories":[597,573],"tags":[5606],"class_list":["post-24885","post","type-post","status-publish","format-standard","","category-cinta-de-noticias","category-la-realidad-de-los-acontecimientos-en-siria","tag-al-menos-30-victimas-mortales-en-una-masacre-cometida-por-los-terroristas-del-frente-de-al-nousra-en-idleb"],"_links":{"self":[{"href":"https:\/\/archive.sana.sy\/es\/index.php?rest_route=\/wp\/v2\/posts\/24885"}],"collection":[{"href":"https:\/\/archive.sana.sy\/es\/index.php?rest_route=\/wp\/v2\/posts"}],"about":[{"href":"https:\/\/archive.sana.sy\/es\/index.php?rest_route=\/wp\/v2\/types\/post"}],"author":[{"embeddable":true,"href":"https:\/\/archive.sana.sy\/es\/index.php?rest_route=\/wp\/v2\/users\/24"}],"replies":[{"embeddable":true,"href":"https:\/\/archive.sana.sy\/es\/index.php?rest_route=%2Fwp%2Fv2%2Fcomments&post=24885"}],"version-history":[{"count":0,"href":"https:\/\/archive.sana.sy\/es\/index.php?rest_route=\/wp\/v2\/posts\/24885\/revisions"}],"wp:attachment":[{"href":"https:\/\/archive.sana.sy\/es\/index.php?rest_route=%2Fwp%2Fv2%2Fmedia&parent=24885"}],"wp:term":[{"taxonomy":"category","embeddable":true,"href":"https:\/\/archive.sana.sy\/es\/index.php?rest_route=%2Fwp%2Fv2%2Fcategories&post=24885"},{"taxonomy":"post_tag","embeddable":true,"href":"https:\/\/archive.sana.sy\/es\/index.php?rest_route=%2Fwp%2Fv2%2Ftags&post=24885"}],"curies":[{"name":"wp","href":"https:\/\/api.w.org\/{rel}","templated":true}]}}