{"id":248857,"date":"2022-08-20T13:53:59","date_gmt":"2022-08-20T10:53:59","guid":{"rendered":"http:\/\/107.6.182.27\/es\/?p=248857"},"modified":"2023-01-10T15:54:32","modified_gmt":"2023-01-10T13:54:32","slug":"intentos-de-occidente-de-excluir-a-rusia-de-la-onu-son-vanos","status":"publish","type":"post","link":"https:\/\/archive.sana.sy\/es\/?p=248857","title":{"rendered":"Intentos de Occidente de excluir a Rusia de la ONU son vanos"},"content":{"rendered":"<p style=\"text-align: justify;\"><span style=\"color: #800000;\"><strong>Mosc\u00fa, 20 ago (SANA)\u00a0<\/strong><\/span> \u00a0Los posibles intentos de Occidente de excluir a Rusia de la Organizaci\u00f3n de las Naciones Unidas (ONU) son manifiestamente vanos, declar\u00f3 el Ministerio de Exteriores ruso citado por Sputnik.<\/p>\n<p style=\"text-align: justify;\">Esta semana varios medios informaron que los pa\u00edses occidentales podr\u00edan intentar revocar los poderes de los representantes de Rusia en la ONU, lo cual fue calificado por la Canciller\u00eda rusa de una especulaci\u00f3n.<\/p>\n<p style=\"text-align: justify;\">&#8220;No hay otra forma legal de realizar ese plan&#8221;, apunt\u00f3 la Canciller\u00eda.<\/p>\n<p style=\"text-align: justify;\">En cuanto a los poderes del representante permanente ruso, el texto dice que solo el presidente del pa\u00eds puede revocarlos.<\/p>\n<p style=\"text-align: justify;\">fm\/as<\/p>\n","protected":false},"excerpt":{"rendered":"<p>Mosc\u00fa, 20 ago (SANA)\u00a0 \u00a0Los posibles intentos de Occidente de excluir a Rusia de la Organizaci\u00f3n de las Naciones Unidas (ONU) son manifiestamente vanos, declar\u00f3 el Ministerio de Exteriores ruso citado por Sputnik. Esta semana varios medios informaron que los pa\u00edses occidentales podr\u00edan intentar revocar los poderes de los representantes de Rusia en la ONU, &hellip;<\/p>\n","protected":false},"author":34,"featured_media":248858,"comment_status":"closed","ping_status":"closed","sticky":false,"template":"","format":"standard","meta":{"footnotes":""},"categories":[597,456,20724,7541],"tags":[],"class_list":["post-248857","post","type-post","status-publish","format-standard","has-post-thumbnail","","category-cinta-de-noticias","category-arabe-internacional-politica","category-minuto-a-minuto","category-ultimas-noticias"],"_links":{"self":[{"href":"https:\/\/archive.sana.sy\/es\/index.php?rest_route=\/wp\/v2\/posts\/248857"}],"collection":[{"href":"https:\/\/archive.sana.sy\/es\/index.php?rest_route=\/wp\/v2\/posts"}],"about":[{"href":"https:\/\/archive.sana.sy\/es\/index.php?rest_route=\/wp\/v2\/types\/post"}],"author":[{"embeddable":true,"href":"https:\/\/archive.sana.sy\/es\/index.php?rest_route=\/wp\/v2\/users\/34"}],"replies":[{"embeddable":true,"href":"https:\/\/archive.sana.sy\/es\/index.php?rest_route=%2Fwp%2Fv2%2Fcomments&post=248857"}],"version-history":[{"count":0,"href":"https:\/\/archive.sana.sy\/es\/index.php?rest_route=\/wp\/v2\/posts\/248857\/revisions"}],"wp:featuredmedia":[{"embeddable":true,"href":"https:\/\/archive.sana.sy\/es\/index.php?rest_route=\/wp\/v2\/media\/248858"}],"wp:attachment":[{"href":"https:\/\/archive.sana.sy\/es\/index.php?rest_route=%2Fwp%2Fv2%2Fmedia&parent=248857"}],"wp:term":[{"taxonomy":"category","embeddable":true,"href":"https:\/\/archive.sana.sy\/es\/index.php?rest_route=%2Fwp%2Fv2%2Fcategories&post=248857"},{"taxonomy":"post_tag","embeddable":true,"href":"https:\/\/archive.sana.sy\/es\/index.php?rest_route=%2Fwp%2Fv2%2Ftags&post=248857"}],"curies":[{"name":"wp","href":"https:\/\/api.w.org\/{rel}","templated":true}]}}