{"id":248860,"date":"2022-08-20T14:28:32","date_gmt":"2022-08-20T11:28:32","guid":{"rendered":"http:\/\/107.6.182.27\/es\/?p=248860"},"modified":"2023-01-10T15:54:32","modified_gmt":"2023-01-10T13:54:32","slug":"shoigu-los-neo-nazis-escalan-sus-crimenes-y-washington-es-la-responsable","status":"publish","type":"post","link":"https:\/\/archive.sana.sy\/es\/?p=248860","title":{"rendered":"Shoig\u00fa: los neonazis escalan sus cr\u00edmenes y Washington es la responsable"},"content":{"rendered":"<p style=\"text-align: justify;\"><span style=\"color: #800000;\"><strong>Mosc\u00fa, 20 ago (SANA)\u00a0<\/strong> <\/span>\u00a0El ministro de Defensa ruso, Sergu\u00e9i Shoig\u00fa, subray\u00f3 que los grupos neonazis ucranianos escalaron sus cr\u00edmenes y Washington asume la responsabilidad de ello, y se\u00f1al\u00f3 que la idea de impedir el ingreso de ciudadanos rusos a la Uni\u00f3n Europea es un acto de pol\u00edtica nazi.<\/p>\n<p style=\"text-align: justify;\">El titular ruso, en su discurso de hoy en la Primera Conferencia Internacional de Mosc\u00fa contra el Fascismo, explic\u00f3 que las autoridades extremistas de Kiev se declararon herederas de los neonazis sangrientos ucranianos.<\/p>\n<p style=\"text-align: justify;\">\u201cExiste un evidente fen\u00f3meno de la pol\u00edtica nazi al imponer tendencias antirrusas en las plataformas europeas\u201d, dijo el militar ruso.<\/p>\n<p style=\"text-align: justify;\">Shoig\u00fa se refiri\u00f3 a las circunstancias que produjeron la operaci\u00f3n especial para proteger la regi\u00f3n de Donb\u00e1s.<\/p>\n<p style=\"text-align: justify;\">Se\u00f1al\u00f3 que Washington, despu\u00e9s del colapso de la Uni\u00f3n Sovi\u00e9tica, hizo todo lo que pudo para hacer de Ucrania una campo de acciones antirrusas, y se tomaron decisiones y leyes que prohib\u00edan el uso del idioma ruso y todo lo relacionado con el Estado ruso, pero tales medidas fueron rechazadas por muchos ciudadanos ucranianos, especialmente los residentes de la regi\u00f3n de Donb\u00e1s, por lo que las fuerzas de Kiev cometieron cr\u00edmenes y operaciones punitivas y retributivas.<\/p>\n<p style=\"text-align: justify;\">Agreg\u00f3 que Kiev quer\u00eda unirse a la OTAN, lo que constituye una amenaza para la seguridad de Rusia. Todos los factores anteriores llevaron a Rusia a tomar su decisi\u00f3n correcta de lanzar la operaci\u00f3n militar especial en Ucrania.<\/p>\n<p style=\"text-align: justify;\">sm\/fm<\/p>\n","protected":false},"excerpt":{"rendered":"<p>Mosc\u00fa, 20 ago (SANA)\u00a0 \u00a0El ministro de Defensa ruso, Sergu\u00e9i Shoig\u00fa, subray\u00f3 que los grupos neonazis ucranianos escalaron sus cr\u00edmenes y Washington asume la responsabilidad de ello, y se\u00f1al\u00f3 que la idea de impedir el ingreso de ciudadanos rusos a la Uni\u00f3n Europea es un acto de pol\u00edtica nazi. El titular ruso, en su discurso &hellip;<\/p>\n","protected":false},"author":39,"featured_media":248861,"comment_status":"closed","ping_status":"closed","sticky":false,"template":"","format":"standard","meta":{"footnotes":""},"categories":[597,456,20724,7541],"tags":[],"class_list":["post-248860","post","type-post","status-publish","format-standard","has-post-thumbnail","","category-cinta-de-noticias","category-arabe-internacional-politica","category-minuto-a-minuto","category-ultimas-noticias"],"_links":{"self":[{"href":"https:\/\/archive.sana.sy\/es\/index.php?rest_route=\/wp\/v2\/posts\/248860"}],"collection":[{"href":"https:\/\/archive.sana.sy\/es\/index.php?rest_route=\/wp\/v2\/posts"}],"about":[{"href":"https:\/\/archive.sana.sy\/es\/index.php?rest_route=\/wp\/v2\/types\/post"}],"author":[{"embeddable":true,"href":"https:\/\/archive.sana.sy\/es\/index.php?rest_route=\/wp\/v2\/users\/39"}],"replies":[{"embeddable":true,"href":"https:\/\/archive.sana.sy\/es\/index.php?rest_route=%2Fwp%2Fv2%2Fcomments&post=248860"}],"version-history":[{"count":0,"href":"https:\/\/archive.sana.sy\/es\/index.php?rest_route=\/wp\/v2\/posts\/248860\/revisions"}],"wp:featuredmedia":[{"embeddable":true,"href":"https:\/\/archive.sana.sy\/es\/index.php?rest_route=\/wp\/v2\/media\/248861"}],"wp:attachment":[{"href":"https:\/\/archive.sana.sy\/es\/index.php?rest_route=%2Fwp%2Fv2%2Fmedia&parent=248860"}],"wp:term":[{"taxonomy":"category","embeddable":true,"href":"https:\/\/archive.sana.sy\/es\/index.php?rest_route=%2Fwp%2Fv2%2Fcategories&post=248860"},{"taxonomy":"post_tag","embeddable":true,"href":"https:\/\/archive.sana.sy\/es\/index.php?rest_route=%2Fwp%2Fv2%2Ftags&post=248860"}],"curies":[{"name":"wp","href":"https:\/\/api.w.org\/{rel}","templated":true}]}}