{"id":24887,"date":"2015-06-11T17:50:01","date_gmt":"2015-06-11T14:50:01","guid":{"rendered":"http:\/\/www.sana.sy\/es\/?p=24887"},"modified":"2015-06-11T17:52:03","modified_gmt":"2015-06-11T14:52:03","slug":"consejo-de-ministro-denuncia-la-masacre-contra-los-habitantes-de-kalb-alloz","status":"publish","type":"post","link":"https:\/\/archive.sana.sy\/es\/?p=24887","title":{"rendered":"Consejo de Ministro denuncia la masacre contra los habitantes de Kalb Alloz"},"content":{"rendered":"<p><span style=\"color: #800000\">Damasco, SANA<\/span><\/p>\n<p>El Gabinete denunci\u00f3 en\u00e9rgicamente este jueves la masacre que cometieron los terroristas del Frente de al-Nousra anoche en el pueblo de Kalb Alloz en el campo de Idleb.<\/p>\n<p>El primer ministro, Wael al-Halqui responsabiliz\u00f3 a los pa\u00edses patrocinadores del terrorismo, encabezados por\u00a0EEUU, Qatar, Arabia Saudita y Turqu\u00eda con \u201cesta salvajada\u201d y todas las masacres cometidas contra el pueblo sirio, as\u00ed como conden\u00f3 la inacci\u00f3n de la comunidad internacional ante estas barbaridades.<\/p>\n<p>El jefe del Ejecutivo volvi\u00f3 a expresar su confianza en la capacidad de Siria de vencer el terrorismo pese a la escalada terrorista militar, econ\u00f3mica y medi\u00e1tica llevada a cabo en su contra.<\/p>\n<p>&nbsp;<\/p>\n<p>Lynn A.<\/p>\n","protected":false},"excerpt":{"rendered":"<p>Damasco, SANA El Gabinete denunci\u00f3 en\u00e9rgicamente este jueves la masacre que cometieron los terroristas del Frente de al-Nousra anoche en el pueblo de Kalb Alloz en el campo de Idleb. El primer ministro, Wael al-Halqui responsabiliz\u00f3 a los pa\u00edses patrocinadores del terrorismo, encabezados por\u00a0EEUU, Qatar, Arabia Saudita y Turqu\u00eda con \u201cesta salvajada\u201d y todas las &hellip;<\/p>\n","protected":false},"author":24,"featured_media":24823,"comment_status":"closed","ping_status":"closed","sticky":false,"template":"","format":"standard","meta":{"footnotes":""},"categories":[477,597,476],"tags":[5607],"class_list":["post-24887","post","type-post","status-publish","format-standard","has-post-thumbnail","","category-noticias-edulcorantes","category-cinta-de-noticias","category-locales","tag-consejo-de-ministro-denuncia-la-masacre-contra-los-habitantes-de-kalb-alloz"],"_links":{"self":[{"href":"https:\/\/archive.sana.sy\/es\/index.php?rest_route=\/wp\/v2\/posts\/24887"}],"collection":[{"href":"https:\/\/archive.sana.sy\/es\/index.php?rest_route=\/wp\/v2\/posts"}],"about":[{"href":"https:\/\/archive.sana.sy\/es\/index.php?rest_route=\/wp\/v2\/types\/post"}],"author":[{"embeddable":true,"href":"https:\/\/archive.sana.sy\/es\/index.php?rest_route=\/wp\/v2\/users\/24"}],"replies":[{"embeddable":true,"href":"https:\/\/archive.sana.sy\/es\/index.php?rest_route=%2Fwp%2Fv2%2Fcomments&post=24887"}],"version-history":[{"count":0,"href":"https:\/\/archive.sana.sy\/es\/index.php?rest_route=\/wp\/v2\/posts\/24887\/revisions"}],"wp:featuredmedia":[{"embeddable":true,"href":"https:\/\/archive.sana.sy\/es\/index.php?rest_route=\/wp\/v2\/media\/24823"}],"wp:attachment":[{"href":"https:\/\/archive.sana.sy\/es\/index.php?rest_route=%2Fwp%2Fv2%2Fmedia&parent=24887"}],"wp:term":[{"taxonomy":"category","embeddable":true,"href":"https:\/\/archive.sana.sy\/es\/index.php?rest_route=%2Fwp%2Fv2%2Fcategories&post=24887"},{"taxonomy":"post_tag","embeddable":true,"href":"https:\/\/archive.sana.sy\/es\/index.php?rest_route=%2Fwp%2Fv2%2Ftags&post=24887"}],"curies":[{"name":"wp","href":"https:\/\/api.w.org\/{rel}","templated":true}]}}