{"id":24890,"date":"2015-06-11T17:56:17","date_gmt":"2015-06-11T14:56:17","guid":{"rendered":"http:\/\/www.sana.sy\/es\/?p=24890"},"modified":"2015-06-11T18:14:26","modified_gmt":"2015-06-11T15:14:26","slug":"se-estrella-un-avion-de-combate-en-la-region-sur","status":"publish","type":"post","link":"https:\/\/archive.sana.sy\/es\/?p=24890","title":{"rendered":"Se estrella un avi\u00f3n de combate en la Regi\u00f3n sur"},"content":{"rendered":"<p><span style=\"color: #800000\">Sweida, SANA<\/span><\/p>\n<p>Un avi\u00f3n de combate se estrell\u00f3 en la Regi\u00f3n sur, seg\u00fan inform\u00f3 una fuente militar.<\/p>\n<p>La fuente precis\u00f3 que se han iniciado investigaciones para determinar las razones que causaron la ca\u00edda del avi\u00f3n en cuesti\u00f3n.<\/p>\n<p>Lynn A.<\/p>\n","protected":false},"excerpt":{"rendered":"<p>Sweida, SANA Un avi\u00f3n de combate se estrell\u00f3 en la Regi\u00f3n sur, seg\u00fan inform\u00f3 una fuente militar. La fuente precis\u00f3 que se han iniciado investigaciones para determinar las razones que causaron la ca\u00edda del avi\u00f3n en cuesti\u00f3n. Lynn A.<\/p>\n","protected":false},"author":24,"featured_media":0,"comment_status":"closed","ping_status":"closed","sticky":false,"template":"","format":"standard","meta":{"footnotes":""},"categories":[597,573],"tags":[],"class_list":["post-24890","post","type-post","status-publish","format-standard","","category-cinta-de-noticias","category-la-realidad-de-los-acontecimientos-en-siria"],"_links":{"self":[{"href":"https:\/\/archive.sana.sy\/es\/index.php?rest_route=\/wp\/v2\/posts\/24890"}],"collection":[{"href":"https:\/\/archive.sana.sy\/es\/index.php?rest_route=\/wp\/v2\/posts"}],"about":[{"href":"https:\/\/archive.sana.sy\/es\/index.php?rest_route=\/wp\/v2\/types\/post"}],"author":[{"embeddable":true,"href":"https:\/\/archive.sana.sy\/es\/index.php?rest_route=\/wp\/v2\/users\/24"}],"replies":[{"embeddable":true,"href":"https:\/\/archive.sana.sy\/es\/index.php?rest_route=%2Fwp%2Fv2%2Fcomments&post=24890"}],"version-history":[{"count":0,"href":"https:\/\/archive.sana.sy\/es\/index.php?rest_route=\/wp\/v2\/posts\/24890\/revisions"}],"wp:attachment":[{"href":"https:\/\/archive.sana.sy\/es\/index.php?rest_route=%2Fwp%2Fv2%2Fmedia&parent=24890"}],"wp:term":[{"taxonomy":"category","embeddable":true,"href":"https:\/\/archive.sana.sy\/es\/index.php?rest_route=%2Fwp%2Fv2%2Fcategories&post=24890"},{"taxonomy":"post_tag","embeddable":true,"href":"https:\/\/archive.sana.sy\/es\/index.php?rest_route=%2Fwp%2Fv2%2Ftags&post=24890"}],"curies":[{"name":"wp","href":"https:\/\/api.w.org\/{rel}","templated":true}]}}