{"id":248913,"date":"2022-08-20T17:48:52","date_gmt":"2022-08-20T14:48:52","guid":{"rendered":"http:\/\/107.6.182.27\/es\/?p=248913"},"modified":"2023-01-10T15:54:32","modified_gmt":"2023-01-10T13:54:32","slug":"colonos-israelies-violan-propiedades-de-palestinos-al-oeste-de-salfit","status":"publish","type":"post","link":"https:\/\/archive.sana.sy\/es\/?p=248913","title":{"rendered":"Colonos israel\u00edes violan propiedades de palestinos al oeste de Salfit"},"content":{"rendered":"<p style=\"text-align: justify;\"><span style=\"color: #800000;\"><strong>Jerusal\u00e9n ocupada, 20 ago (SANA)\u00a0 \u00a0<\/strong><\/span>Varios colonos israel\u00edes atacaron hoy propiedades palestinas en la ciudad Salfit, Cisjordania.<\/p>\n<p style=\"text-align: justify;\">La agencia de noticias palestina Maan inform\u00f3 que los colonos asaltaron la ciudad de Kafr ad-Dik, al oeste de Salfit, y asaltaron las casas palestinas all\u00ed, luego destrozaron dos habitaciones y destruyeron suministros agr\u00edcolas para obligar a los lugare\u00f1os a abandonar sus tierras.<\/p>\n<p style=\"text-align: justify;\">En v\u00edspera, varios colonos sionistas irrumpieron en la aldea de Umm al-Khair en Masafer Yatta, al sur de Hebr\u00f3n, y atacaron a los pastores all\u00ed.<\/p>\n<p style=\"text-align: justify;\">sm<\/p>\n","protected":false},"excerpt":{"rendered":"<p>Jerusal\u00e9n ocupada, 20 ago (SANA)\u00a0 \u00a0Varios colonos israel\u00edes atacaron hoy propiedades palestinas en la ciudad Salfit, Cisjordania. La agencia de noticias palestina Maan inform\u00f3 que los colonos asaltaron la ciudad de Kafr ad-Dik, al oeste de Salfit, y asaltaron las casas palestinas all\u00ed, luego destrozaron dos habitaciones y destruyeron suministros agr\u00edcolas para obligar a los &hellip;<\/p>\n","protected":false},"author":39,"featured_media":248914,"comment_status":"closed","ping_status":"closed","sticky":false,"template":"","format":"standard","meta":{"footnotes":""},"categories":[597,456,7541],"tags":[],"class_list":["post-248913","post","type-post","status-publish","format-standard","has-post-thumbnail","","category-cinta-de-noticias","category-arabe-internacional-politica","category-ultimas-noticias"],"_links":{"self":[{"href":"https:\/\/archive.sana.sy\/es\/index.php?rest_route=\/wp\/v2\/posts\/248913"}],"collection":[{"href":"https:\/\/archive.sana.sy\/es\/index.php?rest_route=\/wp\/v2\/posts"}],"about":[{"href":"https:\/\/archive.sana.sy\/es\/index.php?rest_route=\/wp\/v2\/types\/post"}],"author":[{"embeddable":true,"href":"https:\/\/archive.sana.sy\/es\/index.php?rest_route=\/wp\/v2\/users\/39"}],"replies":[{"embeddable":true,"href":"https:\/\/archive.sana.sy\/es\/index.php?rest_route=%2Fwp%2Fv2%2Fcomments&post=248913"}],"version-history":[{"count":0,"href":"https:\/\/archive.sana.sy\/es\/index.php?rest_route=\/wp\/v2\/posts\/248913\/revisions"}],"wp:featuredmedia":[{"embeddable":true,"href":"https:\/\/archive.sana.sy\/es\/index.php?rest_route=\/wp\/v2\/media\/248914"}],"wp:attachment":[{"href":"https:\/\/archive.sana.sy\/es\/index.php?rest_route=%2Fwp%2Fv2%2Fmedia&parent=248913"}],"wp:term":[{"taxonomy":"category","embeddable":true,"href":"https:\/\/archive.sana.sy\/es\/index.php?rest_route=%2Fwp%2Fv2%2Fcategories&post=248913"},{"taxonomy":"post_tag","embeddable":true,"href":"https:\/\/archive.sana.sy\/es\/index.php?rest_route=%2Fwp%2Fv2%2Ftags&post=248913"}],"curies":[{"name":"wp","href":"https:\/\/api.w.org\/{rel}","templated":true}]}}