{"id":248919,"date":"2022-08-20T18:50:51","date_gmt":"2022-08-20T15:50:51","guid":{"rendered":"http:\/\/107.6.182.27\/es\/?p=248919"},"modified":"2022-08-20T18:50:51","modified_gmt":"2022-08-20T15:50:51","slug":"agricultores-de-alepo-entregan-mas-de-168-mil-toneladas-de-trigo","status":"publish","type":"post","link":"https:\/\/archive.sana.sy\/es\/?p=248919","title":{"rendered":"Agricultores de Alepo entregan m\u00e1s de 168 mil toneladas de trigo"},"content":{"rendered":"<p style=\"text-align: justify;\"><span style=\"color: #800000;\"><strong>Alepo, 20 ago (SANA)\u00a0 \u00a0<\/strong><\/span>La Empresa Estatal de Cereales revel\u00f3 que 168.307 toneladas de trigo fueron comprados a los agricultores en la provincia de Alepo en el norte de Siria desde el comienzo de la temporada de cosecha de este cereal estrat\u00e9gico.<\/p>\n<p style=\"text-align: justify;\">El gerente de la Empresa, Asef Issa, comunic\u00f3 a SANA que la misma asign\u00f3 ocho centros para que los agricultores entregaran el trigo, sea a granel o empaquetado.<\/p>\n<p style=\"text-align: justify;\">El a\u00f1o pasado, la Empresa recibi\u00f3 s\u00f3lo108 mil toneladas de trigo en Alepo.<\/p>\n<p style=\"text-align: justify;\">rr\/fm<\/p>\n<p style=\"text-align: justify;\">\n","protected":false},"excerpt":{"rendered":"<p>Alepo, 20 ago (SANA)\u00a0 \u00a0La Empresa Estatal de Cereales revel\u00f3 que 168.307 toneladas de trigo fueron comprados a los agricultores en la provincia de Alepo en el norte de Siria desde el comienzo de la temporada de cosecha de este cereal estrat\u00e9gico. El gerente de la Empresa, Asef Issa, comunic\u00f3 a SANA que la misma &hellip;<\/p>\n","protected":false},"author":31,"featured_media":248923,"comment_status":"closed","ping_status":"closed","sticky":false,"template":"","format":"standard","meta":{"footnotes":""},"categories":[597,476,7541],"tags":[],"class_list":["post-248919","post","type-post","status-publish","format-standard","has-post-thumbnail","","category-cinta-de-noticias","category-locales","category-ultimas-noticias"],"_links":{"self":[{"href":"https:\/\/archive.sana.sy\/es\/index.php?rest_route=\/wp\/v2\/posts\/248919"}],"collection":[{"href":"https:\/\/archive.sana.sy\/es\/index.php?rest_route=\/wp\/v2\/posts"}],"about":[{"href":"https:\/\/archive.sana.sy\/es\/index.php?rest_route=\/wp\/v2\/types\/post"}],"author":[{"embeddable":true,"href":"https:\/\/archive.sana.sy\/es\/index.php?rest_route=\/wp\/v2\/users\/31"}],"replies":[{"embeddable":true,"href":"https:\/\/archive.sana.sy\/es\/index.php?rest_route=%2Fwp%2Fv2%2Fcomments&post=248919"}],"version-history":[{"count":0,"href":"https:\/\/archive.sana.sy\/es\/index.php?rest_route=\/wp\/v2\/posts\/248919\/revisions"}],"wp:featuredmedia":[{"embeddable":true,"href":"https:\/\/archive.sana.sy\/es\/index.php?rest_route=\/wp\/v2\/media\/248923"}],"wp:attachment":[{"href":"https:\/\/archive.sana.sy\/es\/index.php?rest_route=%2Fwp%2Fv2%2Fmedia&parent=248919"}],"wp:term":[{"taxonomy":"category","embeddable":true,"href":"https:\/\/archive.sana.sy\/es\/index.php?rest_route=%2Fwp%2Fv2%2Fcategories&post=248919"},{"taxonomy":"post_tag","embeddable":true,"href":"https:\/\/archive.sana.sy\/es\/index.php?rest_route=%2Fwp%2Fv2%2Ftags&post=248919"}],"curies":[{"name":"wp","href":"https:\/\/api.w.org\/{rel}","templated":true}]}}