{"id":24893,"date":"2015-06-11T18:37:55","date_gmt":"2015-06-11T15:37:55","guid":{"rendered":"http:\/\/www.sana.sy\/es\/?p=24893"},"modified":"2023-01-09T14:10:04","modified_gmt":"2023-01-09T12:10:04","slug":"al-naddaf-confirma-normalidad-de-la-situacion-en-la-ciudad-de-sweida","status":"publish","type":"post","link":"https:\/\/archive.sana.sy\/es\/?p=24893","title":{"rendered":"Al-Naddaf confirma normalidad de la situaci\u00f3n en la ciudad de Sweida"},"content":{"rendered":"<p><span style=\"color: #800000\">Sweida, SANA<\/span><\/p>\n<p>El gobernador de la provincia de Sweida, Dr. Atef al-Naddaf desminti\u00f3 este jueves noticias difundidas por algunos medios de comunicaci\u00f3n sobre la situaci\u00f3n de seguridad en la ciudad hom\u00f3nima.<\/p>\n<p>Al-Naddaf se\u00f1al\u00f3 en declaraciones a SANA que los morterazos lanzados por las organizaciones terroristas esta ma\u00f1ana contra la ciudad de Sweida eran un intento fallido de desestabilizar la situaci\u00f3n.<\/p>\n<p>En cuanto a la situaci\u00f3n en el aeropuerto de Al Thaala, el Gobernador precis\u00f3\u00a0que las noticias que hablan de una supuesta toma por parte de los terroristas de este aeropuerto, son noticias infundadas y carecen de veracidad, confirmando que las fuerzas armadas y los grupos de Defensa Popular en Sweida abortaron\u00a0todos los ataques librados contra el aeropuerto, e infligieron significativas bajas en las filas de los terroristas.<br \/>\nEl Gobernador de la provincia sure\u00f1a reiter\u00f3 el apoyo de los habitantes de Sweida al Ej\u00e9rcito sirio en su lucha antiterrorista, se\u00f1alando que los mismos se percatan bien de que tales noticias desorientadores tiene\u00a0como objetivo socavar la resistencia de la provincia de Sweida.<\/p>\n<p>Lynn A.<\/p>\n","protected":false},"excerpt":{"rendered":"<p>Sweida, SANA El gobernador de la provincia de Sweida, Dr. Atef al-Naddaf desminti\u00f3 este jueves noticias difundidas por algunos medios de comunicaci\u00f3n sobre la situaci\u00f3n de seguridad en la ciudad hom\u00f3nima. Al-Naddaf se\u00f1al\u00f3 en declaraciones a SANA que los morterazos lanzados por las organizaciones terroristas esta ma\u00f1ana contra la ciudad de Sweida eran un intento &hellip;<\/p>\n","protected":false},"author":24,"featured_media":18848,"comment_status":"closed","ping_status":"closed","sticky":false,"template":"","format":"standard","meta":{"footnotes":""},"categories":[477,476],"tags":[5608],"class_list":["post-24893","post","type-post","status-publish","format-standard","has-post-thumbnail","","category-noticias-edulcorantes","category-locales","tag-al-naddaf-confirma-normalidad-de-la-situacion-en-la-ciudad-de-sweida"],"_links":{"self":[{"href":"https:\/\/archive.sana.sy\/es\/index.php?rest_route=\/wp\/v2\/posts\/24893"}],"collection":[{"href":"https:\/\/archive.sana.sy\/es\/index.php?rest_route=\/wp\/v2\/posts"}],"about":[{"href":"https:\/\/archive.sana.sy\/es\/index.php?rest_route=\/wp\/v2\/types\/post"}],"author":[{"embeddable":true,"href":"https:\/\/archive.sana.sy\/es\/index.php?rest_route=\/wp\/v2\/users\/24"}],"replies":[{"embeddable":true,"href":"https:\/\/archive.sana.sy\/es\/index.php?rest_route=%2Fwp%2Fv2%2Fcomments&post=24893"}],"version-history":[{"count":0,"href":"https:\/\/archive.sana.sy\/es\/index.php?rest_route=\/wp\/v2\/posts\/24893\/revisions"}],"wp:featuredmedia":[{"embeddable":true,"href":"https:\/\/archive.sana.sy\/es\/index.php?rest_route=\/wp\/v2\/media\/18848"}],"wp:attachment":[{"href":"https:\/\/archive.sana.sy\/es\/index.php?rest_route=%2Fwp%2Fv2%2Fmedia&parent=24893"}],"wp:term":[{"taxonomy":"category","embeddable":true,"href":"https:\/\/archive.sana.sy\/es\/index.php?rest_route=%2Fwp%2Fv2%2Fcategories&post=24893"},{"taxonomy":"post_tag","embeddable":true,"href":"https:\/\/archive.sana.sy\/es\/index.php?rest_route=%2Fwp%2Fv2%2Ftags&post=24893"}],"curies":[{"name":"wp","href":"https:\/\/api.w.org\/{rel}","templated":true}]}}