{"id":248934,"date":"2022-08-20T20:13:33","date_gmt":"2022-08-20T17:13:33","guid":{"rendered":"http:\/\/107.6.182.27\/es\/?p=248934"},"modified":"2022-08-20T20:13:33","modified_gmt":"2022-08-20T17:13:33","slug":"canciller-serbio-recibe-invitacion-de-su-homologo-sirio-para-visitar-damasco","status":"publish","type":"post","link":"https:\/\/archive.sana.sy\/es\/?p=248934","title":{"rendered":"Canciller serbio recibe invitaci\u00f3n de su hom\u00f3logo sirio para visitar Damasco"},"content":{"rendered":"<p style=\"text-align: justify;\"><span style=\"color: #800000;\"><strong>Belgrado, 20 ago (SANA)\u00a0 \u00a0<\/strong><\/span>El Encargado de Negocios de la Embajada de Siria en Belgrado, el ministro plenipotenciario, Ammar Awad, examin\u00f3 con el subsecretario del Ministerio de Asuntos Exteriores de Serbia, Nemanja Starovi\u0107, las medias de desarrollar las relaciones entre los dos lados en varios campos.<\/p>\n<p style=\"text-align: justify;\">Durante la reuni\u00f3n, Awad dio a conocer los \u00faltimos acontecimientos en Siria, especialmente las dif\u00edciles condiciones de vida del pueblo sirio a causa de las medidas coercitivas unilaterales impuestas por Estados Unidos y la Uni\u00f3n Europea.<\/p>\n<p style=\"text-align: justify;\">El diplom\u00e1tico sirio expres\u00f3 su agradecimiento a Serbia por su apoyo a Siria en su guerra contra el terrorismo.<\/p>\n<p style=\"text-align: justify;\">Awad entreg\u00f3 una carta de invitaci\u00f3n del canciller de Siria Faisal Mekdad, a su hom\u00f3logo serbio, Nikola Selakovi\u0107, para visitar Damasco, para fortalecer las relaciones entre los dos pa\u00edses amigos.<\/p>\n<p style=\"text-align: justify;\">Por su parte, Starovi\u0107 expres\u00f3 su agradecimiento por la invitaci\u00f3n de Mekdad y afirm\u00f3 que esta visita contribuir\u00e1 a fortalecer las relaciones econ\u00f3micas y comerciales entre las dos partes.<\/p>\n<p style=\"text-align: justify;\">El diplom\u00e1tico serbio destac\u00f3 la profundidad de las hist\u00f3ricas relaciones de amistad entre su pa\u00eds y Siria, y destac\u00f3 la determinaci\u00f3n de Serbia de desarrollar estas relaciones y continuar su apoyo a la soberan\u00eda e independencia de Siria.<\/p>\n<p style=\"text-align: justify;\">Expres\u00f3 su agradecemiento a Siria por su apoyo a la soberan\u00eda de Serbia en los foros internacionales y elogi\u00f3 la firmeza y la lucha del pueblo sirio contra el terrorismo.<\/p>\n<p style=\"text-align: justify;\">rr\/fm<\/p>\n","protected":false},"excerpt":{"rendered":"<p>Belgrado, 20 ago (SANA)\u00a0 \u00a0El Encargado de Negocios de la Embajada de Siria en Belgrado, el ministro plenipotenciario, Ammar Awad, examin\u00f3 con el subsecretario del Ministerio de Asuntos Exteriores de Serbia, Nemanja Starovi\u0107, las medias de desarrollar las relaciones entre los dos lados en varios campos. Durante la reuni\u00f3n, Awad dio a conocer los \u00faltimos &hellip;<\/p>\n","protected":false},"author":31,"featured_media":248936,"comment_status":"closed","ping_status":"closed","sticky":false,"template":"","format":"standard","meta":{"footnotes":""},"categories":[597,467,7541],"tags":[],"class_list":["post-248934","post","type-post","status-publish","format-standard","has-post-thumbnail","","category-cinta-de-noticias","category-siria-y-el-mundo","category-ultimas-noticias"],"_links":{"self":[{"href":"https:\/\/archive.sana.sy\/es\/index.php?rest_route=\/wp\/v2\/posts\/248934"}],"collection":[{"href":"https:\/\/archive.sana.sy\/es\/index.php?rest_route=\/wp\/v2\/posts"}],"about":[{"href":"https:\/\/archive.sana.sy\/es\/index.php?rest_route=\/wp\/v2\/types\/post"}],"author":[{"embeddable":true,"href":"https:\/\/archive.sana.sy\/es\/index.php?rest_route=\/wp\/v2\/users\/31"}],"replies":[{"embeddable":true,"href":"https:\/\/archive.sana.sy\/es\/index.php?rest_route=%2Fwp%2Fv2%2Fcomments&post=248934"}],"version-history":[{"count":0,"href":"https:\/\/archive.sana.sy\/es\/index.php?rest_route=\/wp\/v2\/posts\/248934\/revisions"}],"wp:featuredmedia":[{"embeddable":true,"href":"https:\/\/archive.sana.sy\/es\/index.php?rest_route=\/wp\/v2\/media\/248936"}],"wp:attachment":[{"href":"https:\/\/archive.sana.sy\/es\/index.php?rest_route=%2Fwp%2Fv2%2Fmedia&parent=248934"}],"wp:term":[{"taxonomy":"category","embeddable":true,"href":"https:\/\/archive.sana.sy\/es\/index.php?rest_route=%2Fwp%2Fv2%2Fcategories&post=248934"},{"taxonomy":"post_tag","embeddable":true,"href":"https:\/\/archive.sana.sy\/es\/index.php?rest_route=%2Fwp%2Fv2%2Ftags&post=248934"}],"curies":[{"name":"wp","href":"https:\/\/api.w.org\/{rel}","templated":true}]}}