{"id":248988,"date":"2022-08-21T11:26:59","date_gmt":"2022-08-21T08:26:59","guid":{"rendered":"http:\/\/107.6.182.27\/es\/?p=248988"},"modified":"2023-01-10T15:54:30","modified_gmt":"2023-01-10T13:54:30","slug":"washington-lleva-a-europa-al-hambre-al-frio-y-al-aislamiento","status":"publish","type":"post","link":"https:\/\/archive.sana.sy\/es\/?p=248988","title":{"rendered":"Washington lleva a Europa al hambre, al fr\u00edo y al aislamiento"},"content":{"rendered":"<blockquote>\n<p style=\"text-align: justify;\"><span style=\"color: #ff0000;\"><strong>Washington est\u00e1 listo a hacer todo para mantener el poder sobre el mundo, incluyendo sacrificar la econom\u00eda europea, afirm\u00f3 el jefe de la Duma de Estado, Viacheslav Volodin, citado por Sputnik.<\/strong><\/span><\/p>\n<\/blockquote>\n<p style=\"text-align: justify;\"><span style=\"color: #800000;\"><strong>Mosc\u00fa, 21 ago (SANA)<\/strong><\/span> Washington est\u00e1 listo a hacer todo para mantener el poder sobre el mundo, incluyendo sacrificar la econom\u00eda europea, afirm\u00f3 el jefe de la Duma de Estado, Viacheslav Volodin, citado por Sputnik.<\/p>\n<p style=\"text-align: justify;\">Indic\u00f3 que Washington lleva a Europa &#8220;al hambre, al fr\u00edo y al aislamiento&#8221;, precisando que la inflaci\u00f3n en la zona euro ya alcanz\u00f3 su m\u00e1ximo hist\u00f3rico del 8,9%.<\/p>\n<p style=\"text-align: justify;\">Adem\u00e1s indic\u00f3 que el calor anormal que golpe\u00f3 a Europa afect\u00f3 mucho a su agricultura, disminuyendo la cosecha en un 20% en comparaci\u00f3n con el a\u00f1o pasado.<\/p>\n<p style=\"text-align: justify;\">fm\/ws<\/p>\n","protected":false},"excerpt":{"rendered":"<p>Washington est\u00e1 listo a hacer todo para mantener el poder sobre el mundo, incluyendo sacrificar la econom\u00eda europea, afirm\u00f3 el jefe de la Duma de Estado, Viacheslav Volodin, citado por Sputnik. Mosc\u00fa, 21 ago (SANA) Washington est\u00e1 listo a hacer todo para mantener el poder sobre el mundo, incluyendo sacrificar la econom\u00eda europea, afirm\u00f3 el &hellip;<\/p>\n","protected":false},"author":35,"featured_media":248989,"comment_status":"closed","ping_status":"closed","sticky":false,"template":"","format":"standard","meta":{"footnotes":""},"categories":[597,456,20724,457,583],"tags":[],"class_list":["post-248988","post","type-post","status-publish","format-standard","has-post-thumbnail","","category-cinta-de-noticias","category-arabe-internacional-politica","category-minuto-a-minuto","category-noticias-arabe-internacional-politica","category-slide"],"_links":{"self":[{"href":"https:\/\/archive.sana.sy\/es\/index.php?rest_route=\/wp\/v2\/posts\/248988"}],"collection":[{"href":"https:\/\/archive.sana.sy\/es\/index.php?rest_route=\/wp\/v2\/posts"}],"about":[{"href":"https:\/\/archive.sana.sy\/es\/index.php?rest_route=\/wp\/v2\/types\/post"}],"author":[{"embeddable":true,"href":"https:\/\/archive.sana.sy\/es\/index.php?rest_route=\/wp\/v2\/users\/35"}],"replies":[{"embeddable":true,"href":"https:\/\/archive.sana.sy\/es\/index.php?rest_route=%2Fwp%2Fv2%2Fcomments&post=248988"}],"version-history":[{"count":0,"href":"https:\/\/archive.sana.sy\/es\/index.php?rest_route=\/wp\/v2\/posts\/248988\/revisions"}],"wp:featuredmedia":[{"embeddable":true,"href":"https:\/\/archive.sana.sy\/es\/index.php?rest_route=\/wp\/v2\/media\/248989"}],"wp:attachment":[{"href":"https:\/\/archive.sana.sy\/es\/index.php?rest_route=%2Fwp%2Fv2%2Fmedia&parent=248988"}],"wp:term":[{"taxonomy":"category","embeddable":true,"href":"https:\/\/archive.sana.sy\/es\/index.php?rest_route=%2Fwp%2Fv2%2Fcategories&post=248988"},{"taxonomy":"post_tag","embeddable":true,"href":"https:\/\/archive.sana.sy\/es\/index.php?rest_route=%2Fwp%2Fv2%2Ftags&post=248988"}],"curies":[{"name":"wp","href":"https:\/\/api.w.org\/{rel}","templated":true}]}}