{"id":24902,"date":"2015-06-11T19:32:54","date_gmt":"2015-06-11T16:32:54","guid":{"rendered":"http:\/\/www.sana.sy\/es\/?p=24902"},"modified":"2015-06-11T19:33:49","modified_gmt":"2015-06-11T16:33:49","slug":"terroristas-atacan-a-los-periodistas-del-equipo-de-la-television-siria-en-sweida","status":"publish","type":"post","link":"https:\/\/archive.sana.sy\/es\/?p=24902","title":{"rendered":"Terroristas atacan a los periodistas del equipo de la Televisi\u00f3n Siria en Sweida"},"content":{"rendered":"<p><span style=\"color: #800000\">Sweida, SANA<\/span><\/p>\n<p>Las organizaciones terroristas atacaron hoy el jueves a los periodistas del equipo de la Televisi\u00f3n Siria mientras cubr\u00edan los operativos militares antiterroristas en la periferia del aeropuerto de Al Thaala en el campo de la provincia sure\u00f1a de Sweida.<\/p>\n<p>Estos ataques causaron la muerte del conductor del veh\u00edculo que transportaba a los periodistas, as\u00ed como la herida del reportero Anas Salman y el c\u00e1mara Dergham al-Debeisi.<\/p>\n<p>&nbsp;<\/p>\n<p>Lynn A.<\/p>\n","protected":false},"excerpt":{"rendered":"<p>Sweida, SANA Las organizaciones terroristas atacaron hoy el jueves a los periodistas del equipo de la Televisi\u00f3n Siria mientras cubr\u00edan los operativos militares antiterroristas en la periferia del aeropuerto de Al Thaala en el campo de la provincia sure\u00f1a de Sweida. Estos ataques causaron la muerte del conductor del veh\u00edculo que transportaba a los periodistas, &hellip;<\/p>\n","protected":false},"author":24,"featured_media":0,"comment_status":"closed","ping_status":"closed","sticky":false,"template":"","format":"standard","meta":{"footnotes":""},"categories":[477,597,573,476],"tags":[5609],"class_list":["post-24902","post","type-post","status-publish","format-standard","","category-noticias-edulcorantes","category-cinta-de-noticias","category-la-realidad-de-los-acontecimientos-en-siria","category-locales","tag-terroristas-atacan-a-los-periodistas-del-equipo-de-la-television-siria-en-sweida"],"_links":{"self":[{"href":"https:\/\/archive.sana.sy\/es\/index.php?rest_route=\/wp\/v2\/posts\/24902"}],"collection":[{"href":"https:\/\/archive.sana.sy\/es\/index.php?rest_route=\/wp\/v2\/posts"}],"about":[{"href":"https:\/\/archive.sana.sy\/es\/index.php?rest_route=\/wp\/v2\/types\/post"}],"author":[{"embeddable":true,"href":"https:\/\/archive.sana.sy\/es\/index.php?rest_route=\/wp\/v2\/users\/24"}],"replies":[{"embeddable":true,"href":"https:\/\/archive.sana.sy\/es\/index.php?rest_route=%2Fwp%2Fv2%2Fcomments&post=24902"}],"version-history":[{"count":0,"href":"https:\/\/archive.sana.sy\/es\/index.php?rest_route=\/wp\/v2\/posts\/24902\/revisions"}],"wp:attachment":[{"href":"https:\/\/archive.sana.sy\/es\/index.php?rest_route=%2Fwp%2Fv2%2Fmedia&parent=24902"}],"wp:term":[{"taxonomy":"category","embeddable":true,"href":"https:\/\/archive.sana.sy\/es\/index.php?rest_route=%2Fwp%2Fv2%2Fcategories&post=24902"},{"taxonomy":"post_tag","embeddable":true,"href":"https:\/\/archive.sana.sy\/es\/index.php?rest_route=%2Fwp%2Fv2%2Ftags&post=24902"}],"curies":[{"name":"wp","href":"https:\/\/api.w.org\/{rel}","templated":true}]}}