{"id":249040,"date":"2022-08-21T18:19:28","date_gmt":"2022-08-21T15:19:28","guid":{"rendered":"http:\/\/107.6.182.27\/es\/?p=249040"},"modified":"2023-01-10T15:54:29","modified_gmt":"2023-01-10T13:54:29","slug":"el-misil-hipersonico-ruso-kinzhal-fue-utilizado-tres-veces-en-ucrania","status":"publish","type":"post","link":"https:\/\/archive.sana.sy\/es\/?p=249040","title":{"rendered":"El misil hipers\u00f3nico ruso Kinzhal fue utilizado tres veces en Ucrania"},"content":{"rendered":"<p style=\"text-align: justify;\"><span style=\"color: #800000;\"><strong>Mosc\u00fa, 21 ago (SANA)<\/strong><\/span>\u00a0 \u00a0El ministro de Defensa ruso, Sergu\u00e9i Shoig\u00fa, revel\u00f3 en una entrevista con el canal Rossiya 1 que el misil hipers\u00f3nico Kinzhal fue utilizado durante la operaci\u00f3n especial de Rusia en Ucrania tres veces.<\/p>\n<p style=\"text-align: justify;\">Citado po RT, Shoig\u00fa indic\u00f3 que en las tres ocasiones los Kinzhal mostraton sus caracter\u00edsticas &#8220;brillantes&#8221;, que &#8220;ning\u00fan otro misil similar en el mundo posee&#8221;.<\/p>\n<p style=\"text-align: justify;\">El misil es capaz de alcanzar velocidades de m\u00e1s de 10 Mach, y &#8220;en el camino cambia la trayectoria tanto en planos verticales como horizontales&#8221;, record\u00f3 el titular, y precis\u00f3 que las Fuerzas Armadas de Rusia usan esta arma para atacar objetivos especialmente importantes.<\/p>\n<p style=\"text-align: justify;\">fm\/rr<\/p>\n","protected":false},"excerpt":{"rendered":"<p>Mosc\u00fa, 21 ago (SANA)\u00a0 \u00a0El ministro de Defensa ruso, Sergu\u00e9i Shoig\u00fa, revel\u00f3 en una entrevista con el canal Rossiya 1 que el misil hipers\u00f3nico Kinzhal fue utilizado durante la operaci\u00f3n especial de Rusia en Ucrania tres veces. Citado po RT, Shoig\u00fa indic\u00f3 que en las tres ocasiones los Kinzhal mostraton sus caracter\u00edsticas &#8220;brillantes&#8221;, que &#8220;ning\u00fan &hellip;<\/p>\n","protected":false},"author":32,"featured_media":249041,"comment_status":"closed","ping_status":"closed","sticky":false,"template":"","format":"standard","meta":{"footnotes":""},"categories":[456,20724],"tags":[],"class_list":["post-249040","post","type-post","status-publish","format-standard","has-post-thumbnail","","category-arabe-internacional-politica","category-minuto-a-minuto"],"_links":{"self":[{"href":"https:\/\/archive.sana.sy\/es\/index.php?rest_route=\/wp\/v2\/posts\/249040"}],"collection":[{"href":"https:\/\/archive.sana.sy\/es\/index.php?rest_route=\/wp\/v2\/posts"}],"about":[{"href":"https:\/\/archive.sana.sy\/es\/index.php?rest_route=\/wp\/v2\/types\/post"}],"author":[{"embeddable":true,"href":"https:\/\/archive.sana.sy\/es\/index.php?rest_route=\/wp\/v2\/users\/32"}],"replies":[{"embeddable":true,"href":"https:\/\/archive.sana.sy\/es\/index.php?rest_route=%2Fwp%2Fv2%2Fcomments&post=249040"}],"version-history":[{"count":0,"href":"https:\/\/archive.sana.sy\/es\/index.php?rest_route=\/wp\/v2\/posts\/249040\/revisions"}],"wp:featuredmedia":[{"embeddable":true,"href":"https:\/\/archive.sana.sy\/es\/index.php?rest_route=\/wp\/v2\/media\/249041"}],"wp:attachment":[{"href":"https:\/\/archive.sana.sy\/es\/index.php?rest_route=%2Fwp%2Fv2%2Fmedia&parent=249040"}],"wp:term":[{"taxonomy":"category","embeddable":true,"href":"https:\/\/archive.sana.sy\/es\/index.php?rest_route=%2Fwp%2Fv2%2Fcategories&post=249040"},{"taxonomy":"post_tag","embeddable":true,"href":"https:\/\/archive.sana.sy\/es\/index.php?rest_route=%2Fwp%2Fv2%2Ftags&post=249040"}],"curies":[{"name":"wp","href":"https:\/\/api.w.org\/{rel}","templated":true}]}}