{"id":24905,"date":"2015-06-11T19:41:35","date_gmt":"2015-06-11T16:41:35","guid":{"rendered":"http:\/\/www.sana.sy\/es\/?p=24905"},"modified":"2015-06-11T19:42:10","modified_gmt":"2015-06-11T16:42:10","slug":"conferencia-nacional-arabe-manifiesta-solidaridad-con-siria-frente-a-la-guerra-barbara","status":"publish","type":"post","link":"https:\/\/archive.sana.sy\/es\/?p=24905","title":{"rendered":"Conferencia Nacional \u00c1rabe manifiesta solidaridad con Siria frente a la guerra b\u00e1rbara\u00a0"},"content":{"rendered":"<p><span style=\"color: #800000\">Beirut, SANA<\/span><\/p>\n<p>La Conferencia Nacional \u00c1rabe destac\u00f3 en su declaraci\u00f3n final que se emiti\u00f3 este jueves al t\u00e9rmino de su 26\u00aa reuni\u00f3n celebrada en la capital liban\u00e9s Beirut, la necesidad de apoyar a Siria para salvaguardar la existencia de la naci\u00f3n \u00e1rabe.<\/p>\n<p>Asimismo denunci\u00f3 que Siria junto al mundo \u00e1rabe se encaran a una guerra desatada por organizaciones extremistas y b\u00e1rbaras apoyadas por factores de poder internacionales, regionales y \u00e1rabes, y\u00a0el ente sionista.<\/p>\n<p>Los reunidos exigieron levantar el bloqueo econ\u00f3mico impuesto sobre el pueblo sirio y reanudar las relaciones diplom\u00e1ticas con Siria.<\/p>\n<p>Asimismo reiteraron la importancia de apoyar el di\u00e1logo entre los diferentes bandos sirios, subrayando que el arreglo pol\u00edtico es la \u00fanica soluci\u00f3n de la crisis que vive Siria.<\/p>\n<p>De igual manera resaltaron la necesidad de hacer frente a\u00a0todos los intentos de fragmentar la naci\u00f3n \u00e1rabe y la ola extremista que se extiende a\u00a0amplias superficies de la misma.<\/p>\n<p>&nbsp;<\/p>\n<p>Lynn A.<\/p>\n","protected":false},"excerpt":{"rendered":"<p>Beirut, SANA La Conferencia Nacional \u00c1rabe destac\u00f3 en su declaraci\u00f3n final que se emiti\u00f3 este jueves al t\u00e9rmino de su 26\u00aa reuni\u00f3n celebrada en la capital liban\u00e9s Beirut, la necesidad de apoyar a Siria para salvaguardar la existencia de la naci\u00f3n \u00e1rabe. Asimismo denunci\u00f3 que Siria junto al mundo \u00e1rabe se encaran a una guerra &hellip;<\/p>\n","protected":false},"author":24,"featured_media":24906,"comment_status":"closed","ping_status":"closed","sticky":false,"template":"","format":"standard","meta":{"footnotes":""},"categories":[456,457],"tags":[5610],"class_list":["post-24905","post","type-post","status-publish","format-standard","has-post-thumbnail","","category-arabe-internacional-politica","category-noticias-arabe-internacional-politica","tag-conferencia-nacional-arabe-manifiesta-solidaridad-con-siria-frente-a-la-guerra-barbara"],"_links":{"self":[{"href":"https:\/\/archive.sana.sy\/es\/index.php?rest_route=\/wp\/v2\/posts\/24905"}],"collection":[{"href":"https:\/\/archive.sana.sy\/es\/index.php?rest_route=\/wp\/v2\/posts"}],"about":[{"href":"https:\/\/archive.sana.sy\/es\/index.php?rest_route=\/wp\/v2\/types\/post"}],"author":[{"embeddable":true,"href":"https:\/\/archive.sana.sy\/es\/index.php?rest_route=\/wp\/v2\/users\/24"}],"replies":[{"embeddable":true,"href":"https:\/\/archive.sana.sy\/es\/index.php?rest_route=%2Fwp%2Fv2%2Fcomments&post=24905"}],"version-history":[{"count":0,"href":"https:\/\/archive.sana.sy\/es\/index.php?rest_route=\/wp\/v2\/posts\/24905\/revisions"}],"wp:featuredmedia":[{"embeddable":true,"href":"https:\/\/archive.sana.sy\/es\/index.php?rest_route=\/wp\/v2\/media\/24906"}],"wp:attachment":[{"href":"https:\/\/archive.sana.sy\/es\/index.php?rest_route=%2Fwp%2Fv2%2Fmedia&parent=24905"}],"wp:term":[{"taxonomy":"category","embeddable":true,"href":"https:\/\/archive.sana.sy\/es\/index.php?rest_route=%2Fwp%2Fv2%2Fcategories&post=24905"},{"taxonomy":"post_tag","embeddable":true,"href":"https:\/\/archive.sana.sy\/es\/index.php?rest_route=%2Fwp%2Fv2%2Ftags&post=24905"}],"curies":[{"name":"wp","href":"https:\/\/api.w.org\/{rel}","templated":true}]}}