{"id":249082,"date":"2022-08-22T05:51:18","date_gmt":"2022-08-22T02:51:18","guid":{"rendered":"http:\/\/107.6.182.27\/es\/?p=249082"},"modified":"2023-01-10T15:54:28","modified_gmt":"2023-01-10T13:54:28","slug":"putin-rusia-es-una-superpotencia-y-su-independencia-esta-incrustada-en-el-codigo-genetico-de-sus-ciudadanos","status":"publish","type":"post","link":"https:\/\/archive.sana.sy\/es\/?p=249082","title":{"rendered":"Putin: Rusia es una superpotencia y su independencia est\u00e1 incrustada en el c\u00f3digo gen\u00e9tico de sus ciudadanos"},"content":{"rendered":"<p style=\"text-align: justify;\"><span style=\"color: #800000;\"><strong>Mosc\u00fa, 22 ago (SANA)<\/strong><\/span>\u00a0 El presidente ruso, Vladimir Putin, dijo que su pa\u00eds es una superpotencia fuerte que solo seguir\u00e1 una pol\u00edtica que satisfaga sus intereses b\u00e1sicos en la arena internacional.<\/p>\n<p style=\"text-align: justify;\">\u201cRusia siempre seguir\u00e1 los valores tradicionales en la verdad, justicia, solidaridad y misericordia\u201d, dijo Putin en un discurso con motivo del D\u00eda de la Bandera Rusa.<\/p>\n<p style=\"text-align: justify;\">Subray\u00f3 que la independencia est\u00e1 incrustada en el c\u00f3digo gen\u00e9tico del pa\u00eds y sus ciudadanos.<\/p>\n<p style=\"text-align: justify;\">Putin describi\u00f3 los colores de la bandera rusa como un s\u00edmbolo sagrado para todas las generaciones del pa\u00eds.<\/p>\n<p style=\"text-align: justify;\">fm<\/p>\n<p style=\"text-align: justify;\">\n","protected":false},"excerpt":{"rendered":"<p>Mosc\u00fa, 22 ago (SANA)\u00a0 El presidente ruso, Vladimir Putin, dijo que su pa\u00eds es una superpotencia fuerte que solo seguir\u00e1 una pol\u00edtica que satisfaga sus intereses b\u00e1sicos en la arena internacional. \u201cRusia siempre seguir\u00e1 los valores tradicionales en la verdad, justicia, solidaridad y misericordia\u201d, dijo Putin en un discurso con motivo del D\u00eda de la &hellip;<\/p>\n","protected":false},"author":34,"featured_media":249083,"comment_status":"closed","ping_status":"closed","sticky":false,"template":"","format":"standard","meta":{"footnotes":""},"categories":[597,456,20724,7541],"tags":[],"class_list":["post-249082","post","type-post","status-publish","format-standard","has-post-thumbnail","","category-cinta-de-noticias","category-arabe-internacional-politica","category-minuto-a-minuto","category-ultimas-noticias"],"_links":{"self":[{"href":"https:\/\/archive.sana.sy\/es\/index.php?rest_route=\/wp\/v2\/posts\/249082"}],"collection":[{"href":"https:\/\/archive.sana.sy\/es\/index.php?rest_route=\/wp\/v2\/posts"}],"about":[{"href":"https:\/\/archive.sana.sy\/es\/index.php?rest_route=\/wp\/v2\/types\/post"}],"author":[{"embeddable":true,"href":"https:\/\/archive.sana.sy\/es\/index.php?rest_route=\/wp\/v2\/users\/34"}],"replies":[{"embeddable":true,"href":"https:\/\/archive.sana.sy\/es\/index.php?rest_route=%2Fwp%2Fv2%2Fcomments&post=249082"}],"version-history":[{"count":0,"href":"https:\/\/archive.sana.sy\/es\/index.php?rest_route=\/wp\/v2\/posts\/249082\/revisions"}],"wp:featuredmedia":[{"embeddable":true,"href":"https:\/\/archive.sana.sy\/es\/index.php?rest_route=\/wp\/v2\/media\/249083"}],"wp:attachment":[{"href":"https:\/\/archive.sana.sy\/es\/index.php?rest_route=%2Fwp%2Fv2%2Fmedia&parent=249082"}],"wp:term":[{"taxonomy":"category","embeddable":true,"href":"https:\/\/archive.sana.sy\/es\/index.php?rest_route=%2Fwp%2Fv2%2Fcategories&post=249082"},{"taxonomy":"post_tag","embeddable":true,"href":"https:\/\/archive.sana.sy\/es\/index.php?rest_route=%2Fwp%2Fv2%2Ftags&post=249082"}],"curies":[{"name":"wp","href":"https:\/\/api.w.org\/{rel}","templated":true}]}}