{"id":249092,"date":"2022-08-22T09:40:24","date_gmt":"2022-08-22T06:40:24","guid":{"rendered":"http:\/\/107.6.182.27\/es\/?p=249092"},"modified":"2023-01-10T15:54:28","modified_gmt":"2023-01-10T13:54:28","slug":"militares-israelies-detienen-a-11-palestinos-en-belen","status":"publish","type":"post","link":"https:\/\/archive.sana.sy\/es\/?p=249092","title":{"rendered":"Militares israel\u00edes detienen a 11 palestinos en Bel\u00e9n"},"content":{"rendered":"<p style=\"text-align: justify;\"><span style=\"color: #800000;\"><strong>Jerusal\u00e9n ocupada, 22 ago (SANA)\u00a0 \u00a0 <\/strong><\/span>Las fuerzas de ocupaci\u00f3n israel\u00edes arrestaron a 11 palestinos en la ciudad de Bel\u00e9n en Cisjordania.<\/p>\n<p style=\"text-align: justify;\">Seg\u00fan difundi\u00f3 la agencia de noticias palestina Wafa, los soldados sionistas irrumpieron en la ciudad de Al-Khader y el \u00e1rea de Al-Asakrah, al este de la ciudad, y arrestaron a los 11 palestinos.<\/p>\n<p style=\"text-align: justify;\">El \u00faltimo domingo, los militares israel\u00edes arrestaron a ocho palestinos en diversas \u00e1reas de Cisjordania.<\/p>\n<p style=\"text-align: justify;\">ed\/fm<\/p>\n","protected":false},"excerpt":{"rendered":"<p>Jerusal\u00e9n ocupada, 22 ago (SANA)\u00a0 \u00a0 Las fuerzas de ocupaci\u00f3n israel\u00edes arrestaron a 11 palestinos en la ciudad de Bel\u00e9n en Cisjordania. Seg\u00fan difundi\u00f3 la agencia de noticias palestina Wafa, los soldados sionistas irrumpieron en la ciudad de Al-Khader y el \u00e1rea de Al-Asakrah, al este de la ciudad, y arrestaron a los 11 palestinos. &hellip;<\/p>\n","protected":false},"author":32,"featured_media":249093,"comment_status":"closed","ping_status":"closed","sticky":false,"template":"","format":"standard","meta":{"footnotes":""},"categories":[597,456,20724,7541],"tags":[],"class_list":["post-249092","post","type-post","status-publish","format-standard","has-post-thumbnail","","category-cinta-de-noticias","category-arabe-internacional-politica","category-minuto-a-minuto","category-ultimas-noticias"],"_links":{"self":[{"href":"https:\/\/archive.sana.sy\/es\/index.php?rest_route=\/wp\/v2\/posts\/249092"}],"collection":[{"href":"https:\/\/archive.sana.sy\/es\/index.php?rest_route=\/wp\/v2\/posts"}],"about":[{"href":"https:\/\/archive.sana.sy\/es\/index.php?rest_route=\/wp\/v2\/types\/post"}],"author":[{"embeddable":true,"href":"https:\/\/archive.sana.sy\/es\/index.php?rest_route=\/wp\/v2\/users\/32"}],"replies":[{"embeddable":true,"href":"https:\/\/archive.sana.sy\/es\/index.php?rest_route=%2Fwp%2Fv2%2Fcomments&post=249092"}],"version-history":[{"count":0,"href":"https:\/\/archive.sana.sy\/es\/index.php?rest_route=\/wp\/v2\/posts\/249092\/revisions"}],"wp:featuredmedia":[{"embeddable":true,"href":"https:\/\/archive.sana.sy\/es\/index.php?rest_route=\/wp\/v2\/media\/249093"}],"wp:attachment":[{"href":"https:\/\/archive.sana.sy\/es\/index.php?rest_route=%2Fwp%2Fv2%2Fmedia&parent=249092"}],"wp:term":[{"taxonomy":"category","embeddable":true,"href":"https:\/\/archive.sana.sy\/es\/index.php?rest_route=%2Fwp%2Fv2%2Fcategories&post=249092"},{"taxonomy":"post_tag","embeddable":true,"href":"https:\/\/archive.sana.sy\/es\/index.php?rest_route=%2Fwp%2Fv2%2Ftags&post=249092"}],"curies":[{"name":"wp","href":"https:\/\/api.w.org\/{rel}","templated":true}]}}