{"id":249095,"date":"2022-08-22T09:42:57","date_gmt":"2022-08-22T06:42:57","guid":{"rendered":"http:\/\/107.6.182.27\/es\/?p=249095"},"modified":"2023-01-10T15:54:27","modified_gmt":"2023-01-10T13:54:27","slug":"washington-adopta-su-politica-agresiva-hacia-rusia-denuncia-vicecanciller-ruso","status":"publish","type":"post","link":"https:\/\/archive.sana.sy\/es\/?p=249095","title":{"rendered":"Washington adopta su pol\u00edtica agresiva hacia Rusia, denuncia vicecanciller ruso"},"content":{"rendered":"<p style=\"text-align: justify;\"><strong><span style=\"color: #800000;\">Mosc\u00fa, 22 ago (SANA)<\/span><\/strong>\u00a0 El viceministro de Exteriores de Rusia, Sergei Ri\u00e1bkov, subray\u00f3 que Estados Unidos mantiene una pol\u00edtica agresiva contra Rusia, lo que debilita la esperanza de continuar el di\u00e1logo estrat\u00e9gico entre Washington y Mosc\u00fa.<\/p>\n<p style=\"text-align: justify;\">Dada la pol\u00edtica anti-rusa de Washington, no tiene sentido considerar un di\u00e1logo estrat\u00e9gico con la administraci\u00f3n de la Casa Blanca, declar\u00f3 el vicecanciller.<\/p>\n<p style=\"text-align: justify;\">Agreg\u00f3 que su pa\u00eds est\u00e1 a la espera de la reanudaci\u00f3n del di\u00e1logo sobre el tema de las armas estrat\u00e9gicas ofensivas.<\/p>\n<p style=\"text-align: justify;\"><em><strong>ws\/fm<\/strong><\/em><\/p>\n","protected":false},"excerpt":{"rendered":"<p>Mosc\u00fa, 22 ago (SANA)\u00a0 El viceministro de Exteriores de Rusia, Sergei Ri\u00e1bkov, subray\u00f3 que Estados Unidos mantiene una pol\u00edtica agresiva contra Rusia, lo que debilita la esperanza de continuar el di\u00e1logo estrat\u00e9gico entre Washington y Mosc\u00fa. Dada la pol\u00edtica anti-rusa de Washington, no tiene sentido considerar un di\u00e1logo estrat\u00e9gico con la administraci\u00f3n de la Casa &hellip;<\/p>\n","protected":false},"author":35,"featured_media":249096,"comment_status":"closed","ping_status":"closed","sticky":false,"template":"","format":"standard","meta":{"footnotes":""},"categories":[597,456,20724,457,7541],"tags":[],"class_list":["post-249095","post","type-post","status-publish","format-standard","has-post-thumbnail","","category-cinta-de-noticias","category-arabe-internacional-politica","category-minuto-a-minuto","category-noticias-arabe-internacional-politica","category-ultimas-noticias"],"_links":{"self":[{"href":"https:\/\/archive.sana.sy\/es\/index.php?rest_route=\/wp\/v2\/posts\/249095"}],"collection":[{"href":"https:\/\/archive.sana.sy\/es\/index.php?rest_route=\/wp\/v2\/posts"}],"about":[{"href":"https:\/\/archive.sana.sy\/es\/index.php?rest_route=\/wp\/v2\/types\/post"}],"author":[{"embeddable":true,"href":"https:\/\/archive.sana.sy\/es\/index.php?rest_route=\/wp\/v2\/users\/35"}],"replies":[{"embeddable":true,"href":"https:\/\/archive.sana.sy\/es\/index.php?rest_route=%2Fwp%2Fv2%2Fcomments&post=249095"}],"version-history":[{"count":0,"href":"https:\/\/archive.sana.sy\/es\/index.php?rest_route=\/wp\/v2\/posts\/249095\/revisions"}],"wp:featuredmedia":[{"embeddable":true,"href":"https:\/\/archive.sana.sy\/es\/index.php?rest_route=\/wp\/v2\/media\/249096"}],"wp:attachment":[{"href":"https:\/\/archive.sana.sy\/es\/index.php?rest_route=%2Fwp%2Fv2%2Fmedia&parent=249095"}],"wp:term":[{"taxonomy":"category","embeddable":true,"href":"https:\/\/archive.sana.sy\/es\/index.php?rest_route=%2Fwp%2Fv2%2Fcategories&post=249095"},{"taxonomy":"post_tag","embeddable":true,"href":"https:\/\/archive.sana.sy\/es\/index.php?rest_route=%2Fwp%2Fv2%2Ftags&post=249095"}],"curies":[{"name":"wp","href":"https:\/\/api.w.org\/{rel}","templated":true}]}}