{"id":249101,"date":"2022-08-22T10:57:38","date_gmt":"2022-08-22T07:57:38","guid":{"rendered":"http:\/\/107.6.182.27\/es\/?p=249101"},"modified":"2023-01-10T15:54:27","modified_gmt":"2023-01-10T13:54:27","slug":"el-banco-central-de-alemania-advierte-de-una-fuerte-recesion-en-el-pais","status":"publish","type":"post","link":"https:\/\/archive.sana.sy\/es\/?p=249101","title":{"rendered":"El Banco Central de Alemania advierte de una fuerte recesi\u00f3n en el pa\u00eds"},"content":{"rendered":"<p style=\"text-align: justify;\"><span style=\"color: #800000;\"><strong>Berlina, 22 ago (SANA)\u00a0<\/strong> <\/span>\u00a0 El presidente del Banco Central de Alemania, Joachim Nagel, cree que la recesi\u00f3n es inevitable si se agudiza la crisis energ\u00e9tica.<\/p>\n<p style=\"text-align: justify;\">&#8220;Si la crisis energ\u00e9tica empeora, es probable que se produzca una recesi\u00f3n el pr\u00f3ximo invierno&#8221;, dijo Nagel en una entrevista con el diario alem\u00e1n Rheinische Post.<\/p>\n<p style=\"text-align: justify;\">Las tasas de inflaci\u00f3n en Alemania podr\u00edan llegar al 10 por ciento en los meses de oto\u00f1o, se\u00f1al\u00f3.<\/p>\n<p style=\"text-align: justify;\">Varios funcionarios alemanes hab\u00edan advertido que el r\u00e1pido abandono de Alemania al gas ruso conducir\u00eda a una peligrosa recesi\u00f3n en toda Europa.<\/p>\n<p style=\"text-align: justify;\">ed\/fm<\/p>\n","protected":false},"excerpt":{"rendered":"<p>Berlina, 22 ago (SANA)\u00a0 \u00a0 El presidente del Banco Central de Alemania, Joachim Nagel, cree que la recesi\u00f3n es inevitable si se agudiza la crisis energ\u00e9tica. &#8220;Si la crisis energ\u00e9tica empeora, es probable que se produzca una recesi\u00f3n el pr\u00f3ximo invierno&#8221;, dijo Nagel en una entrevista con el diario alem\u00e1n Rheinische Post. Las tasas de &hellip;<\/p>\n","protected":false},"author":32,"featured_media":249102,"comment_status":"closed","ping_status":"closed","sticky":false,"template":"","format":"standard","meta":{"footnotes":""},"categories":[597,16686,485,456,7541],"tags":[],"class_list":["post-249101","post","type-post","status-publish","format-standard","has-post-thumbnail","","category-cinta-de-noticias","category-economia","category-informes-negocios-y-finanzas","category-arabe-internacional-politica","category-ultimas-noticias"],"_links":{"self":[{"href":"https:\/\/archive.sana.sy\/es\/index.php?rest_route=\/wp\/v2\/posts\/249101"}],"collection":[{"href":"https:\/\/archive.sana.sy\/es\/index.php?rest_route=\/wp\/v2\/posts"}],"about":[{"href":"https:\/\/archive.sana.sy\/es\/index.php?rest_route=\/wp\/v2\/types\/post"}],"author":[{"embeddable":true,"href":"https:\/\/archive.sana.sy\/es\/index.php?rest_route=\/wp\/v2\/users\/32"}],"replies":[{"embeddable":true,"href":"https:\/\/archive.sana.sy\/es\/index.php?rest_route=%2Fwp%2Fv2%2Fcomments&post=249101"}],"version-history":[{"count":0,"href":"https:\/\/archive.sana.sy\/es\/index.php?rest_route=\/wp\/v2\/posts\/249101\/revisions"}],"wp:featuredmedia":[{"embeddable":true,"href":"https:\/\/archive.sana.sy\/es\/index.php?rest_route=\/wp\/v2\/media\/249102"}],"wp:attachment":[{"href":"https:\/\/archive.sana.sy\/es\/index.php?rest_route=%2Fwp%2Fv2%2Fmedia&parent=249101"}],"wp:term":[{"taxonomy":"category","embeddable":true,"href":"https:\/\/archive.sana.sy\/es\/index.php?rest_route=%2Fwp%2Fv2%2Fcategories&post=249101"},{"taxonomy":"post_tag","embeddable":true,"href":"https:\/\/archive.sana.sy\/es\/index.php?rest_route=%2Fwp%2Fv2%2Ftags&post=249101"}],"curies":[{"name":"wp","href":"https:\/\/api.w.org\/{rel}","templated":true}]}}