{"id":249195,"date":"2022-08-22T18:56:28","date_gmt":"2022-08-22T15:56:28","guid":{"rendered":"http:\/\/107.6.182.27\/es\/?p=249195"},"modified":"2023-01-10T15:54:25","modified_gmt":"2023-01-10T13:54:25","slug":"rusia-solicita-una-sesion-de-emergencia-del-consejo-de-seguridad-sobre-la-central-nuclear-de-zaporozhye","status":"publish","type":"post","link":"https:\/\/archive.sana.sy\/es\/?p=249195","title":{"rendered":"Rusia solicita una sesi\u00f3n de emergencia del Consejo de Seguridad sobre la central nuclear de Zaporozhye"},"content":{"rendered":"<p style=\"text-align: justify;\"><span style=\"color: #800000;\"><strong>Nueva York, 22 ago (SANA) <\/strong><\/span>Rusia ha solicitado celebrar una sesi\u00f3n de emergencia del Consejo de Seguridad de la ONU ma\u00f1ana para debatir la situaci\u00f3n en la central nuclear de Zaporozhye.<\/p>\n<p style=\"text-align: justify;\">Seg\u00fan inform\u00f3 RT, el enviado adjunto de Rusia a las Naciones Unidas, Dmitry Polyansky, hab\u00eda solicitado una sesi\u00f3n de emergencia del Consejo de Seguridad de la ONU el 23 de agosto para tal fin.<\/p>\n<p style=\"text-align: justify;\">Anteriormente, el Ministerio de Defensa ruso hab\u00eda advertido que el r\u00e9gimen ucraniano prepara una provocaci\u00f3n a gran escala en el \u00e1rea de la referida planta nuclear que desde hace alg\u00fan tiempo est\u00e1 siendo bombardeada regularmente por las fuerzas ucranianas y las bandas nazis leales a Kiev.<\/p>\n<p style=\"text-align: justify;\"><em><strong>ah\/rsh<\/strong><\/em><\/p>\n","protected":false},"excerpt":{"rendered":"<p>Nueva York, 22 ago (SANA) Rusia ha solicitado celebrar una sesi\u00f3n de emergencia del Consejo de Seguridad de la ONU ma\u00f1ana para debatir la situaci\u00f3n en la central nuclear de Zaporozhye. Seg\u00fan inform\u00f3 RT, el enviado adjunto de Rusia a las Naciones Unidas, Dmitry Polyansky, hab\u00eda solicitado una sesi\u00f3n de emergencia del Consejo de Seguridad &hellip;<\/p>\n","protected":false},"author":30,"featured_media":249206,"comment_status":"closed","ping_status":"closed","sticky":false,"template":"","format":"standard","meta":{"footnotes":""},"categories":[456,20724],"tags":[],"class_list":["post-249195","post","type-post","status-publish","format-standard","has-post-thumbnail","","category-arabe-internacional-politica","category-minuto-a-minuto"],"_links":{"self":[{"href":"https:\/\/archive.sana.sy\/es\/index.php?rest_route=\/wp\/v2\/posts\/249195"}],"collection":[{"href":"https:\/\/archive.sana.sy\/es\/index.php?rest_route=\/wp\/v2\/posts"}],"about":[{"href":"https:\/\/archive.sana.sy\/es\/index.php?rest_route=\/wp\/v2\/types\/post"}],"author":[{"embeddable":true,"href":"https:\/\/archive.sana.sy\/es\/index.php?rest_route=\/wp\/v2\/users\/30"}],"replies":[{"embeddable":true,"href":"https:\/\/archive.sana.sy\/es\/index.php?rest_route=%2Fwp%2Fv2%2Fcomments&post=249195"}],"version-history":[{"count":0,"href":"https:\/\/archive.sana.sy\/es\/index.php?rest_route=\/wp\/v2\/posts\/249195\/revisions"}],"wp:featuredmedia":[{"embeddable":true,"href":"https:\/\/archive.sana.sy\/es\/index.php?rest_route=\/wp\/v2\/media\/249206"}],"wp:attachment":[{"href":"https:\/\/archive.sana.sy\/es\/index.php?rest_route=%2Fwp%2Fv2%2Fmedia&parent=249195"}],"wp:term":[{"taxonomy":"category","embeddable":true,"href":"https:\/\/archive.sana.sy\/es\/index.php?rest_route=%2Fwp%2Fv2%2Fcategories&post=249195"},{"taxonomy":"post_tag","embeddable":true,"href":"https:\/\/archive.sana.sy\/es\/index.php?rest_route=%2Fwp%2Fv2%2Ftags&post=249195"}],"curies":[{"name":"wp","href":"https:\/\/api.w.org\/{rel}","templated":true}]}}