{"id":249208,"date":"2022-08-22T19:42:11","date_gmt":"2022-08-22T16:42:11","guid":{"rendered":"http:\/\/107.6.182.27\/es\/?p=249208"},"modified":"2023-01-10T15:54:25","modified_gmt":"2023-01-10T13:54:25","slug":"desmantelan-un-artefacto-explosivo-en-el-centro-de-la-capital-sueca","status":"publish","type":"post","link":"https:\/\/archive.sana.sy\/es\/?p=249208","title":{"rendered":"Desmantelan un artefacto explosivo en el centro de la capital sueca"},"content":{"rendered":"<p style=\"text-align: justify;\"><span style=\"color: #800000;\"><strong>Estocolmo, 22 ago (SANA) <\/strong><\/span>La polic\u00eda sueca anunci\u00f3 el desmantelamiento de una bolsa que conten\u00eda explosivos en el centro de la capital Estocolmo.<\/p>\n<p style=\"text-align: justify;\">Reuters cit\u00f3 a la polic\u00eda diciendo que &#8220;se encontr\u00f3 un artefacto explosivo en un parque en el centro de Estocolmo que estaba entre los lugares del festival cultural anual en la capital, que dur\u00f3 del 17 al 21 de agosto&#8221;.<\/p>\n<p style=\"text-align: justify;\">La polic\u00eda sueca inform\u00f3 el viernes que dos personas hab\u00edan resultado heridas en un tiroteo ocurrido en un centro comercial de la ciudad sure\u00f1a de Malm\u00f6.<\/p>\n<p style=\"text-align: justify;\"><em><strong>ah\/rsh<\/strong><\/em><\/p>\n","protected":false},"excerpt":{"rendered":"<p>Estocolmo, 22 ago (SANA) La polic\u00eda sueca anunci\u00f3 el desmantelamiento de una bolsa que conten\u00eda explosivos en el centro de la capital Estocolmo. Reuters cit\u00f3 a la polic\u00eda diciendo que &#8220;se encontr\u00f3 un artefacto explosivo en un parque en el centro de Estocolmo que estaba entre los lugares del festival cultural anual en la capital, &hellip;<\/p>\n","protected":false},"author":30,"featured_media":249209,"comment_status":"closed","ping_status":"closed","sticky":false,"template":"","format":"standard","meta":{"footnotes":""},"categories":[456,20724],"tags":[],"class_list":["post-249208","post","type-post","status-publish","format-standard","has-post-thumbnail","","category-arabe-internacional-politica","category-minuto-a-minuto"],"_links":{"self":[{"href":"https:\/\/archive.sana.sy\/es\/index.php?rest_route=\/wp\/v2\/posts\/249208"}],"collection":[{"href":"https:\/\/archive.sana.sy\/es\/index.php?rest_route=\/wp\/v2\/posts"}],"about":[{"href":"https:\/\/archive.sana.sy\/es\/index.php?rest_route=\/wp\/v2\/types\/post"}],"author":[{"embeddable":true,"href":"https:\/\/archive.sana.sy\/es\/index.php?rest_route=\/wp\/v2\/users\/30"}],"replies":[{"embeddable":true,"href":"https:\/\/archive.sana.sy\/es\/index.php?rest_route=%2Fwp%2Fv2%2Fcomments&post=249208"}],"version-history":[{"count":0,"href":"https:\/\/archive.sana.sy\/es\/index.php?rest_route=\/wp\/v2\/posts\/249208\/revisions"}],"wp:featuredmedia":[{"embeddable":true,"href":"https:\/\/archive.sana.sy\/es\/index.php?rest_route=\/wp\/v2\/media\/249209"}],"wp:attachment":[{"href":"https:\/\/archive.sana.sy\/es\/index.php?rest_route=%2Fwp%2Fv2%2Fmedia&parent=249208"}],"wp:term":[{"taxonomy":"category","embeddable":true,"href":"https:\/\/archive.sana.sy\/es\/index.php?rest_route=%2Fwp%2Fv2%2Fcategories&post=249208"},{"taxonomy":"post_tag","embeddable":true,"href":"https:\/\/archive.sana.sy\/es\/index.php?rest_route=%2Fwp%2Fv2%2Ftags&post=249208"}],"curies":[{"name":"wp","href":"https:\/\/api.w.org\/{rel}","templated":true}]}}