{"id":249218,"date":"2022-08-22T22:10:46","date_gmt":"2022-08-22T19:10:46","guid":{"rendered":"http:\/\/107.6.182.27\/es\/?p=249218"},"modified":"2023-01-10T15:54:25","modified_gmt":"2023-01-10T13:54:25","slug":"putin-califica-de-vil-y-cruel-el-asesinato-de-la-activista-rusa-daria-duguina","status":"publish","type":"post","link":"https:\/\/archive.sana.sy\/es\/?p=249218","title":{"rendered":"Putin califica de vil y cruel el asesinato de la activista rusa Daria D\u00faguina"},"content":{"rendered":"<blockquote><p><span style=\"color: #ff0000;\"><strong><em>&#8220;Un crimen vil y cruel acab\u00f3 con la vida de Daria D\u00faguina, una persona brillante y talentosa con un verdadero coraz\u00f3n ruso: amable, amoroso, comprensivo y abierto. Periodista, cient\u00edfica, fil\u00f3sofa, corresponsal de guerra, sirvi\u00f3 honestamente a las personas, a la Patria, demostr\u00f3 con hechos lo que significa ser patriota de Rusia&#8221;, expres\u00f3 Putin citado por RT.<\/em><\/strong><\/span><\/p><\/blockquote>\n<p style=\"text-align: justify;\"><strong><span style=\"color: #800000;\">Mosc\u00fa, 22 ago (SANA)<\/span><\/strong> El presidente de Rusia, Vlad\u00edmir Putin, expres\u00f3 sus condolencias a la familia de la periodista Daria D\u00faguina, hija del influyente fil\u00f3sofo ruso Alex\u00e1nder Duguin, que falleci\u00f3 este 20 de agosto al explotar el coche que conduc\u00eda en un atentado en la regi\u00f3n de Mosc\u00fa.<\/p>\n<p style=\"text-align: justify;\">El Servicio Federal de Seguridad de Rusia (FSB) determin\u00f3 que el asesinato de la mujer fue orquestado por los servicios secretos ucranianos y ejecutado por una ciudadana de Ucrania identificada como Natalia Vovk, que tras cometer el crimen huy\u00f3 a Estonia.<\/p>\n<p style=\"text-align: justify;\">&#8220;Un crimen vil y cruel acab\u00f3 con la vida de Daria D\u00faguina, una persona brillante y talentosa con un verdadero coraz\u00f3n ruso: amable, amoroso, comprensivo y abierto. Periodista, cient\u00edfica, fil\u00f3sofa, corresponsal de guerra, sirvi\u00f3 honestamente a las personas, a la Patria, demostr\u00f3 con hechos lo que significa ser patriota de Rusia&#8221;, expres\u00f3 Putin citado por RT.<\/p>\n<p style=\"text-align: justify;\"><em><strong>fm\/ah<\/strong><\/em><\/p>\n","protected":false},"excerpt":{"rendered":"<p>&#8220;Un crimen vil y cruel acab\u00f3 con la vida de Daria D\u00faguina, una persona brillante y talentosa con un verdadero coraz\u00f3n ruso: amable, amoroso, comprensivo y abierto. Periodista, cient\u00edfica, fil\u00f3sofa, corresponsal de guerra, sirvi\u00f3 honestamente a las personas, a la Patria, demostr\u00f3 con hechos lo que significa ser patriota de Rusia&#8221;, expres\u00f3 Putin citado por &hellip;<\/p>\n","protected":false},"author":30,"featured_media":249221,"comment_status":"closed","ping_status":"closed","sticky":false,"template":"","format":"standard","meta":{"footnotes":""},"categories":[456,20724],"tags":[],"class_list":["post-249218","post","type-post","status-publish","format-standard","has-post-thumbnail","","category-arabe-internacional-politica","category-minuto-a-minuto"],"_links":{"self":[{"href":"https:\/\/archive.sana.sy\/es\/index.php?rest_route=\/wp\/v2\/posts\/249218"}],"collection":[{"href":"https:\/\/archive.sana.sy\/es\/index.php?rest_route=\/wp\/v2\/posts"}],"about":[{"href":"https:\/\/archive.sana.sy\/es\/index.php?rest_route=\/wp\/v2\/types\/post"}],"author":[{"embeddable":true,"href":"https:\/\/archive.sana.sy\/es\/index.php?rest_route=\/wp\/v2\/users\/30"}],"replies":[{"embeddable":true,"href":"https:\/\/archive.sana.sy\/es\/index.php?rest_route=%2Fwp%2Fv2%2Fcomments&post=249218"}],"version-history":[{"count":0,"href":"https:\/\/archive.sana.sy\/es\/index.php?rest_route=\/wp\/v2\/posts\/249218\/revisions"}],"wp:featuredmedia":[{"embeddable":true,"href":"https:\/\/archive.sana.sy\/es\/index.php?rest_route=\/wp\/v2\/media\/249221"}],"wp:attachment":[{"href":"https:\/\/archive.sana.sy\/es\/index.php?rest_route=%2Fwp%2Fv2%2Fmedia&parent=249218"}],"wp:term":[{"taxonomy":"category","embeddable":true,"href":"https:\/\/archive.sana.sy\/es\/index.php?rest_route=%2Fwp%2Fv2%2Fcategories&post=249218"},{"taxonomy":"post_tag","embeddable":true,"href":"https:\/\/archive.sana.sy\/es\/index.php?rest_route=%2Fwp%2Fv2%2Ftags&post=249218"}],"curies":[{"name":"wp","href":"https:\/\/api.w.org\/{rel}","templated":true}]}}