{"id":249227,"date":"2022-08-22T22:22:57","date_gmt":"2022-08-22T19:22:57","guid":{"rendered":"http:\/\/107.6.182.27\/es\/?p=249227"},"modified":"2022-08-22T22:37:54","modified_gmt":"2022-08-22T19:37:54","slug":"ejercito-sirio-intercepta-y-expulsa-un-convoy-estadounidense-en-provincia-de-hasakeh","status":"publish","type":"post","link":"https:\/\/archive.sana.sy\/es\/?p=249227","title":{"rendered":"Ej\u00e9rcito sirio intercepta y expulsa un convoy estadounidense en provincia de Hasakeh"},"content":{"rendered":"<p style=\"text-align: justify;\"><span style=\"color: #800000;\"><strong>Hasakeh, 22 ago (SANA) <\/strong><\/span>Un puesto de control del Ej\u00e9rcito \u00c1rabe Sirio intercept\u00f3 un convoy de las fuerzas de ocupaci\u00f3n estadounidenses y lo impidi\u00f3 de entrar en la aldea al-Salehieh, en las afueras de Qamishli, provincia de Hasakeh, y lo expuls\u00f3 de la zona.<\/p>\n<p style=\"text-align: justify;\">\u201cUn convoy estadounidense de seis veh\u00edculos militares, acompa\u00f1ado por un veh\u00edculo de la milicia FDS, mercenaria de Washington, intent\u00f3 ingresar a la aldea de al-Salehieh, pero los soldados del ej\u00e9rcito sirio lo interceptaron y lo obligaron a dar marcha atr\u00e1s\u201d, informaron activistas locales a nuestro corresponsal.<\/p>\n<p style=\"text-align: justify;\">Los activistas agregaron que varios helic\u00f3pteros de la ocupaci\u00f3n estadounidense sobrevolaron la regi\u00f3n.<\/p>\n<p style=\"text-align: justify;\"><em><strong>ah\/fm<\/strong><\/em><\/p>\n","protected":false},"excerpt":{"rendered":"<p>Hasakeh, 22 ago (SANA) Un puesto de control del Ej\u00e9rcito \u00c1rabe Sirio intercept\u00f3 un convoy de las fuerzas de ocupaci\u00f3n estadounidenses y lo impidi\u00f3 de entrar en la aldea al-Salehieh, en las afueras de Qamishli, provincia de Hasakeh, y lo expuls\u00f3 de la zona. \u201cUn convoy estadounidense de seis veh\u00edculos militares, acompa\u00f1ado por un veh\u00edculo &hellip;<\/p>\n","protected":false},"author":30,"featured_media":249240,"comment_status":"closed","ping_status":"closed","sticky":false,"template":"","format":"standard","meta":{"footnotes":""},"categories":[597,573,20724,476,457,583],"tags":[],"class_list":["post-249227","post","type-post","status-publish","format-standard","has-post-thumbnail","","category-cinta-de-noticias","category-la-realidad-de-los-acontecimientos-en-siria","category-minuto-a-minuto","category-locales","category-noticias-arabe-internacional-politica","category-slide"],"_links":{"self":[{"href":"https:\/\/archive.sana.sy\/es\/index.php?rest_route=\/wp\/v2\/posts\/249227"}],"collection":[{"href":"https:\/\/archive.sana.sy\/es\/index.php?rest_route=\/wp\/v2\/posts"}],"about":[{"href":"https:\/\/archive.sana.sy\/es\/index.php?rest_route=\/wp\/v2\/types\/post"}],"author":[{"embeddable":true,"href":"https:\/\/archive.sana.sy\/es\/index.php?rest_route=\/wp\/v2\/users\/30"}],"replies":[{"embeddable":true,"href":"https:\/\/archive.sana.sy\/es\/index.php?rest_route=%2Fwp%2Fv2%2Fcomments&post=249227"}],"version-history":[{"count":0,"href":"https:\/\/archive.sana.sy\/es\/index.php?rest_route=\/wp\/v2\/posts\/249227\/revisions"}],"wp:featuredmedia":[{"embeddable":true,"href":"https:\/\/archive.sana.sy\/es\/index.php?rest_route=\/wp\/v2\/media\/249240"}],"wp:attachment":[{"href":"https:\/\/archive.sana.sy\/es\/index.php?rest_route=%2Fwp%2Fv2%2Fmedia&parent=249227"}],"wp:term":[{"taxonomy":"category","embeddable":true,"href":"https:\/\/archive.sana.sy\/es\/index.php?rest_route=%2Fwp%2Fv2%2Fcategories&post=249227"},{"taxonomy":"post_tag","embeddable":true,"href":"https:\/\/archive.sana.sy\/es\/index.php?rest_route=%2Fwp%2Fv2%2Ftags&post=249227"}],"curies":[{"name":"wp","href":"https:\/\/api.w.org\/{rel}","templated":true}]}}