{"id":24925,"date":"2015-06-12T20:58:55","date_gmt":"2015-06-12T17:58:55","guid":{"rendered":"http:\/\/sana.sy\/es\/?p=24925"},"modified":"2015-06-13T14:14:18","modified_gmt":"2015-06-13T11:14:18","slug":"el-ejercito-en-cooperacion-con-la-resistencia-nacional-libanesa-continua-su-avance-en-al-qalamoun","status":"publish","type":"post","link":"https:\/\/archive.sana.sy\/es\/?p=24925","title":{"rendered":"El Ej\u00e9rcito en cooperaci\u00f3n con la Resistencia Nacional Libanesa, contin\u00faa su avance en Al-Qalamoun"},"content":{"rendered":"<p style=\"text-align: justify\"><span style=\"color: #800000\">Provincias\u2013 SANA<\/span><\/p>\n<p style=\"text-align: justify\">Ej\u00e9rcito acaba con terroristas y les destruye pertrechos b\u00e9licos en varias zonas del pa\u00eds.<\/p>\n<p style=\"text-align: justify\"><span style=\"color: #0000ff\">Damasco-campo<\/span><\/p>\n<p style=\"text-align: justify\">El Ej\u00e9rcito sirio retoma el control de nuevas zonas en al-Qalamoun.<\/p>\n<p style=\"text-align: justify\">Las fuerzas armadas de Siria, en cooperaci\u00f3n con la Resistencia Nacional Libanesa, recuperaron el control de Qirnet Shaab al-Nusoub, Qirnet Abu Harb, Qirnet Samaan en las monta\u00f1as de al-Qalamoun en rural de Damasco, inform\u00f3 este s\u00e1bado una fuente militar.<\/p>\n<p style=\"text-align: justify\">Asimismo,\u00a0Una unidad del ej\u00e9rcito, en cooperaci\u00f3n con la Resistencia Nacional Libanesa, recuper\u00f3 el control de las zonas de Kernet Shamis al-Hesan en el suroeste del Qalamoun.<\/p>\n<p style=\"text-align: justify\"><span style=\"color: #0000ff\">Sweida<\/span><\/p>\n<p style=\"text-align: justify\">FFAA acaban con terroristas en el campo de Sweida.<\/p>\n<p style=\"text-align: justify\">En la provincia de Sweida en el suroeste del pa\u00eds, varios terroristas del Frente de al-Nousra fueron abatidos a manos del ej\u00e9rcito en la localidad de Rashid en la zona rural de la ciudad de Sweida.<\/p>\n<p style=\"text-align: justify\"><span style=\"color: #0000ff\">Deraa<\/span><\/p>\n<p style=\"text-align: justify\">Abatidos terroristas en la zona rural de provincia sure\u00f1a de Deraa.<\/p>\n<p style=\"text-align: justify\">En Deraa en el sur del pa\u00eds, destacamentos militares llevaron a cabo una operaci\u00f3n especial en el oeste de la ciudad de Ataman, donde aniquilaron varios refugios de terroristas y les destruyeron pertrechos b\u00e9licos.<\/p>\n<p style=\"text-align: justify\">De acuerdo con un fuente militar, la aviaci\u00f3n militar \u00a0del ej\u00e9rcito lanz\u00f3 \u00a0una serie de ataques \u00a0contra los terroristas en las \u00a0localidades de Naua, Um Walad, al-Karak al-Sharqui en ael campo de Deraa, \u00a0donde muchos terroristas resultaron muertos y heridos.<\/p>\n<p style=\"text-align: justify\"><span style=\"color: #0000ff\">Homs<\/span><\/p>\n<p style=\"text-align: justify\">Unidades militares abortan un intento de infiltrarse desde el L\u00edbano.<\/p>\n<p style=\"text-align: justify\">Una fuente militar inform\u00f3 que una escuadra del Ej\u00e9rcito liquid\u00f3 a terroristas que intentaron infiltrarse en Siria desde el territorio liban\u00e9s hacia la aldea de al-Arida, en el campo de la provincia de Homs.<\/p>\n<p style=\"text-align: justify\">Paralelamente, las Fuerzas Armadas liquidaron terroristas del (EI) y les destruy\u00f3 un veh\u00edculo artillados y cargado de armas en la zona de al-Sammamat en el rural de la ciudad de Palmira.<\/p>\n<p style=\"text-align: justify\">En paralelo, en las zonas de Yazel y al-Sojnah en el campo oriental de la ciudad de Homs, los cazas militares destruyeron refugios de grupos terroristas y decenas de veh\u00edculos del grupo terrorista (Daesh).<\/p>\n<p style=\"text-align: justify\"><span style=\"color: #0000ff\">Hasaka<\/span><\/p>\n<p style=\"text-align: justify\">En el campo sure\u00f1o de la ciudad de Hasaka, las Fuerza A\u00e9rea destruy\u00f3 un convoy de veh\u00edculos artillados, seg\u00fan inform\u00f3 una fuente oficial.<\/p>\n<p style=\"text-align: justify\"><span style=\"color: #0000ff\">Idleb<\/span><\/p>\n<p style=\"text-align: justify\">Fuerzas del Ej\u00e9rcito acaban con cabecillas del \u201cFrente al-Nousra\u201d en Idleb<\/p>\n<p style=\"text-align: justify\">Una fuente militar inform\u00f3 que varios ataques a\u00e9reo militares se llevaron a cabo contra los grupos terroristas, y terminaron con la destrucci\u00f3n de sus pertrechos b\u00e9licos en las zonas de Abu al-Duhur, al-Mayas, Hamemat, al-Debshi y al-Habet en el campo de Idleb .<\/p>\n<p style=\"text-align: justify\">De igual manera, la Fuerza A\u00e9rea infligi\u00f3 significativas bajas en las filas de los grupos terroristas y destruy\u00f3 zulos y pertrechos b\u00e9licos suyos en la localidad de Kefer Uoed en rural de Idleb.<\/p>\n<p style=\"text-align: justify\"><span style=\"color: #0000ff\">Quneitra<\/span><\/p>\n<p style=\"text-align: justify\">Una fuente militar revel\u00f3, que unas tropas del ej\u00e9rcito acabaron con la vida de muchos terroristas en las zonas de Nabee al-Sager, al-Murabaat y los alrededores de la localidda de Masharam en el campo de la provincia de Quneitra.<\/p>\n<p style=\"text-align: justify\">M.Miri<\/p>\n","protected":false},"excerpt":{"rendered":"<p>Provincias\u2013 SANA Ej\u00e9rcito acaba con terroristas y les destruye pertrechos b\u00e9licos en varias zonas del pa\u00eds. Damasco-campo El Ej\u00e9rcito sirio retoma el control de nuevas zonas en al-Qalamoun. Las fuerzas armadas de Siria, en cooperaci\u00f3n con la Resistencia Nacional Libanesa, recuperaron el control de Qirnet Shaab al-Nusoub, Qirnet Abu Harb, Qirnet Samaan en las monta\u00f1as &hellip;<\/p>\n","protected":false},"author":1,"featured_media":24933,"comment_status":"closed","ping_status":"closed","sticky":false,"template":"","format":"standard","meta":{"footnotes":""},"categories":[573],"tags":[5612,5611],"class_list":["post-24925","post","type-post","status-publish","format-standard","has-post-thumbnail","","category-la-realidad-de-los-acontecimientos-en-siria","tag-continua-su-avance-en-al-qalamoun","tag-el-ejercito-en-cooperacion-con-la-resistencia-nacional-libanesa"],"_links":{"self":[{"href":"https:\/\/archive.sana.sy\/es\/index.php?rest_route=\/wp\/v2\/posts\/24925"}],"collection":[{"href":"https:\/\/archive.sana.sy\/es\/index.php?rest_route=\/wp\/v2\/posts"}],"about":[{"href":"https:\/\/archive.sana.sy\/es\/index.php?rest_route=\/wp\/v2\/types\/post"}],"author":[{"embeddable":true,"href":"https:\/\/archive.sana.sy\/es\/index.php?rest_route=\/wp\/v2\/users\/1"}],"replies":[{"embeddable":true,"href":"https:\/\/archive.sana.sy\/es\/index.php?rest_route=%2Fwp%2Fv2%2Fcomments&post=24925"}],"version-history":[{"count":0,"href":"https:\/\/archive.sana.sy\/es\/index.php?rest_route=\/wp\/v2\/posts\/24925\/revisions"}],"wp:featuredmedia":[{"embeddable":true,"href":"https:\/\/archive.sana.sy\/es\/index.php?rest_route=\/wp\/v2\/media\/24933"}],"wp:attachment":[{"href":"https:\/\/archive.sana.sy\/es\/index.php?rest_route=%2Fwp%2Fv2%2Fmedia&parent=24925"}],"wp:term":[{"taxonomy":"category","embeddable":true,"href":"https:\/\/archive.sana.sy\/es\/index.php?rest_route=%2Fwp%2Fv2%2Fcategories&post=24925"},{"taxonomy":"post_tag","embeddable":true,"href":"https:\/\/archive.sana.sy\/es\/index.php?rest_route=%2Fwp%2Fv2%2Ftags&post=24925"}],"curies":[{"name":"wp","href":"https:\/\/api.w.org\/{rel}","templated":true}]}}