{"id":249270,"date":"2022-08-23T10:51:49","date_gmt":"2022-08-23T07:51:49","guid":{"rendered":"http:\/\/107.6.182.27\/es\/?p=249270"},"modified":"2022-08-23T11:02:07","modified_gmt":"2022-08-23T08:02:07","slug":"siria-condena-violaciones-de-francia-contra-la-soberania-de-mali","status":"publish","type":"post","link":"https:\/\/archive.sana.sy\/es\/?p=249270","title":{"rendered":"Siria condena violaciones de Francia contra la soberan\u00eda de Mali"},"content":{"rendered":"<p style=\"text-align: justify;\"><span style=\"color: #800000;\"><strong>Damasco, 23 ago (SANA)\u00a0<\/strong> <\/span>\u00a0 El Ministerio de Asuntos Exteriores y Expatriados de Siria conden\u00f3 hoy la escalada sin precedentes y la pol\u00edtica de provocaci\u00f3n practicada por Francia contra la Rep\u00fablica de Mal\u00ed, la cual se reflej\u00f3 recientemente mediante las repetidas violaciones del espacio a\u00e9reo maliense por parte de las fuerzas francesas.<\/p>\n<p style=\"text-align: justify;\">Siria cree que estas violaciones amenazan la paz y la seguridad en el continente africano, adem\u00e1s de la paz y la seguridad internacionales, asegur\u00f3 Canciller\u00eda por medio de una declaraci\u00f3n.<\/p>\n<p style=\"text-align: justify;\">Agreg\u00f3 que estos actos criminales son un intento de las viejas y nuevas fuerzas coloniales de recuperar la hegemon\u00eda y el dominio de Francia.<\/p>\n<p style=\"text-align: justify;\">Agreg\u00f3 que Siria pide al Consejo de Seguridad de la ONU que asuma sus responsabilidades para obligar a Francia a detener sus graves violaciones y respetar la soberan\u00eda, la integridad territorial y la independencia de Mali.<\/p>\n<p style=\"text-align: justify;\">Siria afirma su pleno apoyo al gobierno y pueblo de la Rep\u00fablica de Mal\u00ed para enfrentar los intentos de injerencia externa en sus asuntos internos, y se une a esta naci\u00f3n ante estas agresivas pol\u00edticas francesas, concluy\u00f3 el comunicado.<\/p>\n<p style=\"text-align: justify;\">fm\/ed<\/p>\n","protected":false},"excerpt":{"rendered":"<p>Damasco, 23 ago (SANA)\u00a0 \u00a0 El Ministerio de Asuntos Exteriores y Expatriados de Siria conden\u00f3 hoy la escalada sin precedentes y la pol\u00edtica de provocaci\u00f3n practicada por Francia contra la Rep\u00fablica de Mal\u00ed, la cual se reflej\u00f3 recientemente mediante las repetidas violaciones del espacio a\u00e9reo maliense por parte de las fuerzas francesas. Siria cree que &hellip;<\/p>\n","protected":false},"author":32,"featured_media":248520,"comment_status":"closed","ping_status":"closed","sticky":false,"template":"","format":"standard","meta":{"footnotes":""},"categories":[447,477,597,20724,476,457,583],"tags":[],"class_list":["post-249270","post","type-post","status-publish","format-standard","has-post-thumbnail","","category-local-politica","category-noticias-edulcorantes","category-cinta-de-noticias","category-minuto-a-minuto","category-locales","category-noticias-arabe-internacional-politica","category-slide"],"_links":{"self":[{"href":"https:\/\/archive.sana.sy\/es\/index.php?rest_route=\/wp\/v2\/posts\/249270"}],"collection":[{"href":"https:\/\/archive.sana.sy\/es\/index.php?rest_route=\/wp\/v2\/posts"}],"about":[{"href":"https:\/\/archive.sana.sy\/es\/index.php?rest_route=\/wp\/v2\/types\/post"}],"author":[{"embeddable":true,"href":"https:\/\/archive.sana.sy\/es\/index.php?rest_route=\/wp\/v2\/users\/32"}],"replies":[{"embeddable":true,"href":"https:\/\/archive.sana.sy\/es\/index.php?rest_route=%2Fwp%2Fv2%2Fcomments&post=249270"}],"version-history":[{"count":0,"href":"https:\/\/archive.sana.sy\/es\/index.php?rest_route=\/wp\/v2\/posts\/249270\/revisions"}],"wp:featuredmedia":[{"embeddable":true,"href":"https:\/\/archive.sana.sy\/es\/index.php?rest_route=\/wp\/v2\/media\/248520"}],"wp:attachment":[{"href":"https:\/\/archive.sana.sy\/es\/index.php?rest_route=%2Fwp%2Fv2%2Fmedia&parent=249270"}],"wp:term":[{"taxonomy":"category","embeddable":true,"href":"https:\/\/archive.sana.sy\/es\/index.php?rest_route=%2Fwp%2Fv2%2Fcategories&post=249270"},{"taxonomy":"post_tag","embeddable":true,"href":"https:\/\/archive.sana.sy\/es\/index.php?rest_route=%2Fwp%2Fv2%2Ftags&post=249270"}],"curies":[{"name":"wp","href":"https:\/\/api.w.org\/{rel}","templated":true}]}}