{"id":24941,"date":"2015-06-12T18:30:37","date_gmt":"2015-06-12T15:30:37","guid":{"rendered":"http:\/\/sana.sy\/es\/?p=24941"},"modified":"2015-06-12T18:30:37","modified_gmt":"2015-06-12T15:30:37","slug":"erdogan-amenaza-a-los-partidos-politicos-de-oposicion","status":"publish","type":"post","link":"https:\/\/archive.sana.sy\/es\/?p=24941","title":{"rendered":"Erdogan amenaza a los partidos pol\u00edticos de oposici\u00f3n"},"content":{"rendered":"<p><span style=\"color: #800000\">Ankara-SANA<\/span><\/p>\n<p style=\"text-align: justify\">El presidente turco, Recep Tayyip Erdogan amenaz\u00f3 a los partidos pol\u00edticos de oposici\u00f3n de que \u201cvan a pagar muy caro\u201d por haber rechazado formar una coalici\u00f3n con el Partido de la Justicia y el Desarrollo (AKP).<\/p>\n<p style=\"text-align: justify\">Durante una reuni\u00f3n en la C\u00e1mara de Comercio de Ankara, Erdogan critic\u00f3 a los medios de comunicaci\u00f3n occidentales por alienarse en su contra tras la publicaci\u00f3n de una serie de art\u00edculos sobre la corrupci\u00f3n.<\/p>\n<p style=\"text-align: justify\">En respuesta a su declaraci\u00f3n, el l\u00edder del opositor Partido Democr\u00e1tico del Pueblo Kemal K\u0131l\u0131\u00e7daro\u011flu, pidi\u00f3 a Erdogan renunciar a los delirios de grandeza, y Proceder a formar un gobierno tan pronto como sea posible.<\/p>\n<p style=\"text-align: justify\">En su p\u00e1gina de Twitter K\u0131l\u0131\u00e7daro\u011flu dijo que su partido tratar\u00e1 de salvar a Turqu\u00eda de una variedad de problemas, y rescatarla de la dif\u00edcil situaci\u00f3n actual.<\/p>\n<p style=\"text-align: justify\">Fuentes pol\u00edticas expresaron que Erdogan, encargar\u00e1 a Ahmet Davutoglu de formar un gobierno de coalici\u00f3n con un partido de oposici\u00f3n, y si eso no funciona, celebrar\u00e1n nuevas elecciones.<\/p>\n<p>M.Miri, Riad.Sh<\/p>\n","protected":false},"excerpt":{"rendered":"<p>Ankara-SANA El presidente turco, Recep Tayyip Erdogan amenaz\u00f3 a los partidos pol\u00edticos de oposici\u00f3n de que \u201cvan a pagar muy caro\u201d por haber rechazado formar una coalici\u00f3n con el Partido de la Justicia y el Desarrollo (AKP). Durante una reuni\u00f3n en la C\u00e1mara de Comercio de Ankara, Erdogan critic\u00f3 a los medios de comunicaci\u00f3n occidentales &hellip;<\/p>\n","protected":false},"author":1,"featured_media":24942,"comment_status":"closed","ping_status":"closed","sticky":false,"template":"","format":"standard","meta":{"footnotes":""},"categories":[555],"tags":[5616],"class_list":["post-24941","post","type-post","status-publish","format-standard","has-post-thumbnail","","category-prensa","tag-erdogan-amenaza-a-los-partidos-politicos-de-oposicion"],"_links":{"self":[{"href":"https:\/\/archive.sana.sy\/es\/index.php?rest_route=\/wp\/v2\/posts\/24941"}],"collection":[{"href":"https:\/\/archive.sana.sy\/es\/index.php?rest_route=\/wp\/v2\/posts"}],"about":[{"href":"https:\/\/archive.sana.sy\/es\/index.php?rest_route=\/wp\/v2\/types\/post"}],"author":[{"embeddable":true,"href":"https:\/\/archive.sana.sy\/es\/index.php?rest_route=\/wp\/v2\/users\/1"}],"replies":[{"embeddable":true,"href":"https:\/\/archive.sana.sy\/es\/index.php?rest_route=%2Fwp%2Fv2%2Fcomments&post=24941"}],"version-history":[{"count":0,"href":"https:\/\/archive.sana.sy\/es\/index.php?rest_route=\/wp\/v2\/posts\/24941\/revisions"}],"wp:featuredmedia":[{"embeddable":true,"href":"https:\/\/archive.sana.sy\/es\/index.php?rest_route=\/wp\/v2\/media\/24942"}],"wp:attachment":[{"href":"https:\/\/archive.sana.sy\/es\/index.php?rest_route=%2Fwp%2Fv2%2Fmedia&parent=24941"}],"wp:term":[{"taxonomy":"category","embeddable":true,"href":"https:\/\/archive.sana.sy\/es\/index.php?rest_route=%2Fwp%2Fv2%2Fcategories&post=24941"},{"taxonomy":"post_tag","embeddable":true,"href":"https:\/\/archive.sana.sy\/es\/index.php?rest_route=%2Fwp%2Fv2%2Ftags&post=24941"}],"curies":[{"name":"wp","href":"https:\/\/api.w.org\/{rel}","templated":true}]}}