{"id":249526,"date":"2022-08-24T16:12:07","date_gmt":"2022-08-24T13:12:07","guid":{"rendered":"http:\/\/107.6.182.27\/es\/?p=249526"},"modified":"2023-01-10T15:54:19","modified_gmt":"2023-01-10T13:54:19","slug":"eeuu-echa-mas-lena-al-fuego-biden-anuncia-ayuda-militar-a-kiev-por-2-980-millones-de-dolares","status":"publish","type":"post","link":"https:\/\/archive.sana.sy\/es\/?p=249526","title":{"rendered":"EEUU echa m\u00e1s le\u00f1a al fuego. Biden anuncia ayuda militar a Kiev por 2.980 millones de d\u00f3lares"},"content":{"rendered":"<p style=\"text-align: justify\"><span style=\"color: #800000\"><strong>Washington, 24 ago (SANA)<\/strong><\/span> El presidente de Estados Unidos, Joe Biden, anunci\u00f3 2.980 millones de d\u00f3lares de ayuda militar adicional a Ucrania, lo que se considera el &#8220;mayor&#8221; env\u00edo hasta la fecha.<\/p>\n<p style=\"text-align: justify\">&#8220;Me enorgullece anunciar nuestro mayor tramo de ayuda a la seguridad hasta la fecha: aproximadamente 2.980 millones de d\u00f3lares en armas y equipos que se proporcionar\u00e1n a trav\u00e9s de la Iniciativa de ayuda a la seguridad de Ucrania&#8221;, precis\u00f3 Biden citado por Sputnik.<\/p>\n<p style=\"text-align: justify\">Ucrania ya recibi\u00f3 decenas de miles de millones de d\u00f3lares en ayuda militar y econ\u00f3mica de Estados Unidos y sus aliados de la OTAN en los \u00faltimos seis meses.<\/p>\n<p style=\"text-align: justify\">Los medios de comunicaci\u00f3n han informado recientemente de que tan solo el 40% de la ayuda llega realmente al frente.<\/p>\n<p style=\"text-align: justify\">fm\/la<\/p>\n","protected":false},"excerpt":{"rendered":"<p>Washington, 24 ago (SANA) El presidente de Estados Unidos, Joe Biden, anunci\u00f3 2.980 millones de d\u00f3lares de ayuda militar adicional a Ucrania, lo que se considera el &#8220;mayor&#8221; env\u00edo hasta la fecha. &#8220;Me enorgullece anunciar nuestro mayor tramo de ayuda a la seguridad hasta la fecha: aproximadamente 2.980 millones de d\u00f3lares en armas y equipos &hellip;<\/p>\n","protected":false},"author":24,"featured_media":249528,"comment_status":"closed","ping_status":"closed","sticky":false,"template":"","format":"standard","meta":{"footnotes":""},"categories":[597,456,20724,7541],"tags":[],"class_list":["post-249526","post","type-post","status-publish","format-standard","has-post-thumbnail","","category-cinta-de-noticias","category-arabe-internacional-politica","category-minuto-a-minuto","category-ultimas-noticias"],"_links":{"self":[{"href":"https:\/\/archive.sana.sy\/es\/index.php?rest_route=\/wp\/v2\/posts\/249526"}],"collection":[{"href":"https:\/\/archive.sana.sy\/es\/index.php?rest_route=\/wp\/v2\/posts"}],"about":[{"href":"https:\/\/archive.sana.sy\/es\/index.php?rest_route=\/wp\/v2\/types\/post"}],"author":[{"embeddable":true,"href":"https:\/\/archive.sana.sy\/es\/index.php?rest_route=\/wp\/v2\/users\/24"}],"replies":[{"embeddable":true,"href":"https:\/\/archive.sana.sy\/es\/index.php?rest_route=%2Fwp%2Fv2%2Fcomments&post=249526"}],"version-history":[{"count":0,"href":"https:\/\/archive.sana.sy\/es\/index.php?rest_route=\/wp\/v2\/posts\/249526\/revisions"}],"wp:featuredmedia":[{"embeddable":true,"href":"https:\/\/archive.sana.sy\/es\/index.php?rest_route=\/wp\/v2\/media\/249528"}],"wp:attachment":[{"href":"https:\/\/archive.sana.sy\/es\/index.php?rest_route=%2Fwp%2Fv2%2Fmedia&parent=249526"}],"wp:term":[{"taxonomy":"category","embeddable":true,"href":"https:\/\/archive.sana.sy\/es\/index.php?rest_route=%2Fwp%2Fv2%2Fcategories&post=249526"},{"taxonomy":"post_tag","embeddable":true,"href":"https:\/\/archive.sana.sy\/es\/index.php?rest_route=%2Fwp%2Fv2%2Ftags&post=249526"}],"curies":[{"name":"wp","href":"https:\/\/api.w.org\/{rel}","templated":true}]}}