{"id":249548,"date":"2022-08-24T18:10:43","date_gmt":"2022-08-24T15:10:43","guid":{"rendered":"http:\/\/107.6.182.27\/es\/?p=249548"},"modified":"2022-08-24T18:11:59","modified_gmt":"2022-08-24T15:11:59","slug":"vicecanciler-de-sudafrica-repasa-con-el-ministro-de-economia-sirio-vias-de-impulsar-la-cooperacion-comercial","status":"publish","type":"post","link":"https:\/\/archive.sana.sy\/es\/?p=249548","title":{"rendered":"Ministro de Econom\u00eda sirio repasa con la Vicecanciller de Sud\u00e1frica v\u00edas de impulsar la cooperaci\u00f3n comercial"},"content":{"rendered":"<p style=\"text-align: justify\"><span style=\"color: #800000\"><strong>Damasco, 24 ago (SANA)<\/strong> <\/span>El ministro de Econom\u00eda y Comercio Exterior, Muhammad Samer Al-Khalil, abord\u00f3 con la viceministra de Relaciones Internacionales y Cooperaci\u00f3n de la Rep\u00fablica de Sud\u00e1frica, Candith Mashego-Dlamini, las v\u00edas de potenciar las relaciones bilaterales.<\/p>\n<p style=\"text-align: justify\">Durante una reuni\u00f3n, que se llev\u00f3 a cabo hoy en la sede del Ministerio de Econom\u00eda en Damasco, Al-Khalil destac\u00f3 la importancia de activar las relaciones econ\u00f3micas entre los dos pa\u00edses mediante la firma de un acuerdo marco de cooperaci\u00f3n comercial y econ\u00f3mica y la celebraci\u00f3n de reuniones para examinar los requerimientos b\u00e1sicos del desarrollo de la inversi\u00f3n y comercio binacional.<\/p>\n<p style=\"text-align: justify\">Hizo una panor\u00e1mica sobre los mecanismos para aumentar el volumen del comercio entre ambos pa\u00edses amigos y beneficiarse de la diversidad de productos que poseen.<\/p>\n<p style=\"text-align: justify\">Por su parte, Dlamini subray\u00f3 la importancia de los nexos hist\u00f3ricos que unen los dos pueblos y de impulsar la cooperaci\u00f3n bilateral que ya existe en los sectores de energ\u00edas renovables, agricultura, educaci\u00f3n, turismo y cultura.<\/p>\n<p style=\"text-align: justify\">la<\/p>\n<p style=\"text-align: justify\">\n","protected":false},"excerpt":{"rendered":"<p>Damasco, 24 ago (SANA) El ministro de Econom\u00eda y Comercio Exterior, Muhammad Samer Al-Khalil, abord\u00f3 con la viceministra de Relaciones Internacionales y Cooperaci\u00f3n de la Rep\u00fablica de Sud\u00e1frica, Candith Mashego-Dlamini, las v\u00edas de potenciar las relaciones bilaterales. Durante una reuni\u00f3n, que se llev\u00f3 a cabo hoy en la sede del Ministerio de Econom\u00eda en Damasco, &hellip;<\/p>\n","protected":false},"author":24,"featured_media":249550,"comment_status":"closed","ping_status":"closed","sticky":false,"template":"","format":"standard","meta":{"footnotes":""},"categories":[597,20724,467,7541],"tags":[],"class_list":["post-249548","post","type-post","status-publish","format-standard","has-post-thumbnail","","category-cinta-de-noticias","category-minuto-a-minuto","category-siria-y-el-mundo","category-ultimas-noticias"],"_links":{"self":[{"href":"https:\/\/archive.sana.sy\/es\/index.php?rest_route=\/wp\/v2\/posts\/249548"}],"collection":[{"href":"https:\/\/archive.sana.sy\/es\/index.php?rest_route=\/wp\/v2\/posts"}],"about":[{"href":"https:\/\/archive.sana.sy\/es\/index.php?rest_route=\/wp\/v2\/types\/post"}],"author":[{"embeddable":true,"href":"https:\/\/archive.sana.sy\/es\/index.php?rest_route=\/wp\/v2\/users\/24"}],"replies":[{"embeddable":true,"href":"https:\/\/archive.sana.sy\/es\/index.php?rest_route=%2Fwp%2Fv2%2Fcomments&post=249548"}],"version-history":[{"count":0,"href":"https:\/\/archive.sana.sy\/es\/index.php?rest_route=\/wp\/v2\/posts\/249548\/revisions"}],"wp:featuredmedia":[{"embeddable":true,"href":"https:\/\/archive.sana.sy\/es\/index.php?rest_route=\/wp\/v2\/media\/249550"}],"wp:attachment":[{"href":"https:\/\/archive.sana.sy\/es\/index.php?rest_route=%2Fwp%2Fv2%2Fmedia&parent=249548"}],"wp:term":[{"taxonomy":"category","embeddable":true,"href":"https:\/\/archive.sana.sy\/es\/index.php?rest_route=%2Fwp%2Fv2%2Fcategories&post=249548"},{"taxonomy":"post_tag","embeddable":true,"href":"https:\/\/archive.sana.sy\/es\/index.php?rest_route=%2Fwp%2Fv2%2Ftags&post=249548"}],"curies":[{"name":"wp","href":"https:\/\/api.w.org\/{rel}","templated":true}]}}