{"id":249565,"date":"2022-08-24T20:01:44","date_gmt":"2022-08-24T17:01:44","guid":{"rendered":"http:\/\/107.6.182.27\/es\/?p=249565"},"modified":"2023-01-10T15:54:18","modified_gmt":"2023-01-10T13:54:18","slug":"iran-recibe-la-respuesta-estadounidense-sobre-los-temas-pendientes-en-las-negociaciones-de-viena","status":"publish","type":"post","link":"https:\/\/archive.sana.sy\/es\/?p=249565","title":{"rendered":"Ir\u00e1n recibe la respuesta estadounidense sobre los temas pendientes en las negociaciones de Viena"},"content":{"rendered":"<p style=\"text-align: justify;\"><span style=\"color: #800000;\"><strong>Teher\u00e1n, 24 ago (SANA)<\/strong><\/span> El Ministerio de Relaciones Exteriores de Ir\u00e1n anunci\u00f3 hoy que ha recibido la respuesta estadounidense sobre los temas pendientes en las negociaciones de Viena para reactivar el acuerdo nuclear.<\/p>\n<p style=\"text-align: justify;\">El portavoz del Ministerio de Relaciones Exteriores de Ir\u00e1n, Nasser Kanaani, dijo en un comunicado que &#8220;Ir\u00e1n recibi\u00f3 la respuesta estadounidense a trav\u00e9s del coordinador de la Uni\u00f3n Europea para las negociaciones de Viena, Joseph Borrell&#8221;, y subray\u00f3 que &#8221; Teher\u00e1n ha comenzado la revisi\u00f3n detallada de la respuesta estadounidense&#8221;.<\/p>\n<p style=\"text-align: justify;\">Kanaani indic\u00f3 que Ir\u00e1n enviar\u00e1 sus puntos de vista sobre la respuesta de Estados Unidos a Borrell despu\u00e9s de completar su estudio.<\/p>\n<p>mm<\/p>\n","protected":false},"excerpt":{"rendered":"<p>Teher\u00e1n, 24 ago (SANA) El Ministerio de Relaciones Exteriores de Ir\u00e1n anunci\u00f3 hoy que ha recibido la respuesta estadounidense sobre los temas pendientes en las negociaciones de Viena para reactivar el acuerdo nuclear. El portavoz del Ministerio de Relaciones Exteriores de Ir\u00e1n, Nasser Kanaani, dijo en un comunicado que &#8220;Ir\u00e1n recibi\u00f3 la respuesta estadounidense a &hellip;<\/p>\n","protected":false},"author":36,"featured_media":249566,"comment_status":"closed","ping_status":"closed","sticky":false,"template":"","format":"standard","meta":{"footnotes":""},"categories":[597,456,20724,457],"tags":[],"class_list":["post-249565","post","type-post","status-publish","format-standard","has-post-thumbnail","","category-cinta-de-noticias","category-arabe-internacional-politica","category-minuto-a-minuto","category-noticias-arabe-internacional-politica"],"_links":{"self":[{"href":"https:\/\/archive.sana.sy\/es\/index.php?rest_route=\/wp\/v2\/posts\/249565"}],"collection":[{"href":"https:\/\/archive.sana.sy\/es\/index.php?rest_route=\/wp\/v2\/posts"}],"about":[{"href":"https:\/\/archive.sana.sy\/es\/index.php?rest_route=\/wp\/v2\/types\/post"}],"author":[{"embeddable":true,"href":"https:\/\/archive.sana.sy\/es\/index.php?rest_route=\/wp\/v2\/users\/36"}],"replies":[{"embeddable":true,"href":"https:\/\/archive.sana.sy\/es\/index.php?rest_route=%2Fwp%2Fv2%2Fcomments&post=249565"}],"version-history":[{"count":0,"href":"https:\/\/archive.sana.sy\/es\/index.php?rest_route=\/wp\/v2\/posts\/249565\/revisions"}],"wp:featuredmedia":[{"embeddable":true,"href":"https:\/\/archive.sana.sy\/es\/index.php?rest_route=\/wp\/v2\/media\/249566"}],"wp:attachment":[{"href":"https:\/\/archive.sana.sy\/es\/index.php?rest_route=%2Fwp%2Fv2%2Fmedia&parent=249565"}],"wp:term":[{"taxonomy":"category","embeddable":true,"href":"https:\/\/archive.sana.sy\/es\/index.php?rest_route=%2Fwp%2Fv2%2Fcategories&post=249565"},{"taxonomy":"post_tag","embeddable":true,"href":"https:\/\/archive.sana.sy\/es\/index.php?rest_route=%2Fwp%2Fv2%2Ftags&post=249565"}],"curies":[{"name":"wp","href":"https:\/\/api.w.org\/{rel}","templated":true}]}}