{"id":249568,"date":"2022-08-24T20:12:41","date_gmt":"2022-08-24T17:12:41","guid":{"rendered":"http:\/\/107.6.182.27\/es\/?p=249568"},"modified":"2023-01-10T15:54:18","modified_gmt":"2023-01-10T13:54:18","slug":"el-regimen-de-kiev-demostro-su-cara-criminal-cuando-bombardeo-a-civiles-en-donbas-denuncia-nebenzia","status":"publish","type":"post","link":"https:\/\/archive.sana.sy\/es\/?p=249568","title":{"rendered":"El r\u00e9gimen de Kiev demostr\u00f3 su \u00edndole criminal cuando bombarde\u00f3 a civiles en Donb\u00e1s, denuncia Nebenzia"},"content":{"rendered":"<p style=\"text-align: justify\"><span style=\"color: #800000\"><strong>Nueva York, 24 ago (SANA)<\/strong><\/span> El embajador de Rusia ante las Naciones Unidas, Vasily Nebenzia, afirm\u00f3 que la operaci\u00f3n militar especial rusa en Ucrania se lleva a cabo con \u00e9xito y gradualmente.<\/p>\n<p style=\"text-align: justify\">Durante una sesi\u00f3n del Consejo de Seguridad sobre la situaci\u00f3n en Ucrania, Nebenzia denunci\u00f3 que el r\u00e9gimen de Kiev demostr\u00f3 su \u00edndole criminal cuando bombarde\u00f3 a civiles en Donb\u00e1s, y \u00e9l mismo recurre a m\u00e9todos de intimidaci\u00f3n en J\u00e1rkov, \u201csin embargo esto no cambiar\u00e1 la verdad\u201d.<\/p>\n<p style=\"text-align: justify\">Explic\u00f3 que el r\u00e9gimen ucraniano lleg\u00f3 al poder a trav\u00e9s de un golpe de estado facilitado por Occidente, el cual ha conducido al pa\u00eds a un desastre.<\/p>\n<p>Agreg\u00f3 que los pa\u00edses occidentales son c\u00f3mplice de cr\u00edmenes contra civiles ya que han suministrado a Kiev armas de largo alcance.<\/p>\n<p style=\"text-align: justify\">\u201cLa guerra en Donb\u00e1s habr\u00eda terminado si Kiev hubiera implementado los acuerdos de Minsk, pero ellos y Occidente no quer\u00edan eso\u201d, lament\u00f3.<\/p>\n<p style=\"text-align: justify\">Marc\u00f3 que Rusia est\u00e1 siendo objeto de una campa\u00f1a de desinformaci\u00f3n, pero la historia presentar\u00e1 la versi\u00f3n correcta de lo que est\u00e1 ocurriendo.<\/p>\n<p style=\"text-align: justify\">Precis\u00f3 que las medidas impuestas a Mosc\u00fa son las que socavaron las cadenas de suministro globales y ocasionaron la alza de precios.<\/p>\n<p style=\"text-align: justify\">El embajador ruso asever\u00f3 que la \u00fanica amenaza para la independencia de Ucrania es el gobierno de Kiev, que recibe \u00f3rdenes de sus amos occidentales.<\/p>\n<p style=\"text-align: justify\">la<\/p>\n","protected":false},"excerpt":{"rendered":"<p>Nueva York, 24 ago (SANA) El embajador de Rusia ante las Naciones Unidas, Vasily Nebenzia, afirm\u00f3 que la operaci\u00f3n militar especial rusa en Ucrania se lleva a cabo con \u00e9xito y gradualmente. Durante una sesi\u00f3n del Consejo de Seguridad sobre la situaci\u00f3n en Ucrania, Nebenzia denunci\u00f3 que el r\u00e9gimen de Kiev demostr\u00f3 su \u00edndole criminal &hellip;<\/p>\n","protected":false},"author":24,"featured_media":80871,"comment_status":"closed","ping_status":"closed","sticky":false,"template":"","format":"standard","meta":{"footnotes":""},"categories":[597,456,7541],"tags":[],"class_list":["post-249568","post","type-post","status-publish","format-standard","has-post-thumbnail","","category-cinta-de-noticias","category-arabe-internacional-politica","category-ultimas-noticias"],"_links":{"self":[{"href":"https:\/\/archive.sana.sy\/es\/index.php?rest_route=\/wp\/v2\/posts\/249568"}],"collection":[{"href":"https:\/\/archive.sana.sy\/es\/index.php?rest_route=\/wp\/v2\/posts"}],"about":[{"href":"https:\/\/archive.sana.sy\/es\/index.php?rest_route=\/wp\/v2\/types\/post"}],"author":[{"embeddable":true,"href":"https:\/\/archive.sana.sy\/es\/index.php?rest_route=\/wp\/v2\/users\/24"}],"replies":[{"embeddable":true,"href":"https:\/\/archive.sana.sy\/es\/index.php?rest_route=%2Fwp%2Fv2%2Fcomments&post=249568"}],"version-history":[{"count":0,"href":"https:\/\/archive.sana.sy\/es\/index.php?rest_route=\/wp\/v2\/posts\/249568\/revisions"}],"wp:featuredmedia":[{"embeddable":true,"href":"https:\/\/archive.sana.sy\/es\/index.php?rest_route=\/wp\/v2\/media\/80871"}],"wp:attachment":[{"href":"https:\/\/archive.sana.sy\/es\/index.php?rest_route=%2Fwp%2Fv2%2Fmedia&parent=249568"}],"wp:term":[{"taxonomy":"category","embeddable":true,"href":"https:\/\/archive.sana.sy\/es\/index.php?rest_route=%2Fwp%2Fv2%2Fcategories&post=249568"},{"taxonomy":"post_tag","embeddable":true,"href":"https:\/\/archive.sana.sy\/es\/index.php?rest_route=%2Fwp%2Fv2%2Ftags&post=249568"}],"curies":[{"name":"wp","href":"https:\/\/api.w.org\/{rel}","templated":true}]}}