{"id":249589,"date":"2022-08-24T21:57:27","date_gmt":"2022-08-24T18:57:27","guid":{"rendered":"http:\/\/107.6.182.27\/es\/?p=249589"},"modified":"2023-01-10T15:54:17","modified_gmt":"2023-01-10T13:54:17","slug":"liz-truss-estoy-dispuesta-a-usar-armas-nucleares-si-es-necesario","status":"publish","type":"post","link":"https:\/\/archive.sana.sy\/es\/?p=249589","title":{"rendered":"Liz Truss: estoy dispuesta a usar armas nucleares si es necesario"},"content":{"rendered":"<p style=\"text-align: justify;\"><strong><span style=\"color: #800000;\">Londres, 24 ago (SANA)<\/span><\/strong> La ministra de Asuntos Exteriores del Reino Unido, Liz Truss, primera ministra del pa\u00eds tras la dimisi\u00f3n de Boris Johnson, afirm\u00f3 que est\u00e1 dispuesta a utilizar armas nucleares si es necesario.<\/p>\n<p style=\"text-align: justify;\">&#8220;Creo que es un deber importante de la primera ministra y estoy dispuesta a hacerlo&#8221;, dijo cuando le preguntaron si utilizar\u00eda armas nucleares en el programa &#8216;Tory leadership hustings live&#8217; de la emisora Times Radio. El entrevistador tambi\u00e9n se\u00f1al\u00f3 que &#8220;significar\u00eda la aniquilaci\u00f3n global&#8221;.<\/p>\n<p style=\"text-align: justify;\">&#8220;Estoy dispuesta a hacerlo&#8221;, afirm\u00f3 una vez m\u00e1s la candidata a primera ministra tras ser preguntada por c\u00f3mo le hace sentir esa perspectiva.<\/p>\n<p style=\"text-align: justify;\">La aspirante a gobernar el Reino Unido es conocida por sus duros comentarios sobre Rusia.<\/p>\n<p>fm\/mm<\/p>\n","protected":false},"excerpt":{"rendered":"<p>Londres, 24 ago (SANA) La ministra de Asuntos Exteriores del Reino Unido, Liz Truss, primera ministra del pa\u00eds tras la dimisi\u00f3n de Boris Johnson, afirm\u00f3 que est\u00e1 dispuesta a utilizar armas nucleares si es necesario. &#8220;Creo que es un deber importante de la primera ministra y estoy dispuesta a hacerlo&#8221;, dijo cuando le preguntaron si &hellip;<\/p>\n","protected":false},"author":36,"featured_media":249590,"comment_status":"closed","ping_status":"closed","sticky":false,"template":"","format":"standard","meta":{"footnotes":""},"categories":[597,456,20724,457],"tags":[],"class_list":["post-249589","post","type-post","status-publish","format-standard","has-post-thumbnail","","category-cinta-de-noticias","category-arabe-internacional-politica","category-minuto-a-minuto","category-noticias-arabe-internacional-politica"],"_links":{"self":[{"href":"https:\/\/archive.sana.sy\/es\/index.php?rest_route=\/wp\/v2\/posts\/249589"}],"collection":[{"href":"https:\/\/archive.sana.sy\/es\/index.php?rest_route=\/wp\/v2\/posts"}],"about":[{"href":"https:\/\/archive.sana.sy\/es\/index.php?rest_route=\/wp\/v2\/types\/post"}],"author":[{"embeddable":true,"href":"https:\/\/archive.sana.sy\/es\/index.php?rest_route=\/wp\/v2\/users\/36"}],"replies":[{"embeddable":true,"href":"https:\/\/archive.sana.sy\/es\/index.php?rest_route=%2Fwp%2Fv2%2Fcomments&post=249589"}],"version-history":[{"count":0,"href":"https:\/\/archive.sana.sy\/es\/index.php?rest_route=\/wp\/v2\/posts\/249589\/revisions"}],"wp:featuredmedia":[{"embeddable":true,"href":"https:\/\/archive.sana.sy\/es\/index.php?rest_route=\/wp\/v2\/media\/249590"}],"wp:attachment":[{"href":"https:\/\/archive.sana.sy\/es\/index.php?rest_route=%2Fwp%2Fv2%2Fmedia&parent=249589"}],"wp:term":[{"taxonomy":"category","embeddable":true,"href":"https:\/\/archive.sana.sy\/es\/index.php?rest_route=%2Fwp%2Fv2%2Fcategories&post=249589"},{"taxonomy":"post_tag","embeddable":true,"href":"https:\/\/archive.sana.sy\/es\/index.php?rest_route=%2Fwp%2Fv2%2Ftags&post=249589"}],"curies":[{"name":"wp","href":"https:\/\/api.w.org\/{rel}","templated":true}]}}