{"id":249657,"date":"2022-08-25T15:40:26","date_gmt":"2022-08-25T12:40:26","guid":{"rendered":"http:\/\/107.6.182.27\/es\/?p=249657"},"modified":"2022-08-25T15:40:55","modified_gmt":"2022-08-25T12:40:55","slug":"presidente-sirio-recibio-a-la-vicecanciller-de-sudafrica","status":"publish","type":"post","link":"https:\/\/archive.sana.sy\/es\/?p=249657","title":{"rendered":"Presidente sirio recibi\u00f3 a la vicecanciller de Sud\u00e1frica"},"content":{"rendered":"<blockquote>\n<p style=\"text-align: justify;\"><span style=\"color: #ff0000;\"><em><strong>Al-Assad: \u201cSud\u00e1frica es un estado independiente que respeta sus principios, juega un rol objetivo en varios escenarios en el mundo y tiene una posici\u00f3n importante a nivel pol\u00edtico, ya sea como pa\u00eds en s\u00ed mismo o como parte del grupo BRICS, y tambi\u00e9n apoya al pueblo sirio en su enfrentamiento al terrorismo y en sus derechos de recuperar el Gol\u00e1n ocupado\u201d<\/strong><\/em><\/span><\/p>\n<p style=\"text-align: justify;\"><span style=\"color: #ff0000;\"><strong><em>Dlamini: lo que atraviesa Siria hoy en d\u00eda es algo que todos deben compartir en t\u00e9rminos de experiencias y puntos de vista sobre c\u00f3mo esta naci\u00f3n super\u00f3 las crisis.<\/em><\/strong><\/span><\/p>\n<\/blockquote>\n<p style=\"text-align: justify;\"><span style=\"color: #800000;\"><strong>Damasco, 25 ago (SANA)<\/strong><\/span> El presidente Bashar al-Assad, recibi\u00f3 hoy a la viceministra de Relaciones Internacionales y Cooperaci\u00f3n de la Rep\u00fablica de Sud\u00e1frica, Yekandith Machigo Dlamini, y la delegaci\u00f3n que le acompa\u00f1a en su visita a Siria.<\/p>\n<p style=\"text-align: justify;\">Damasco tiene inter\u00e9s en desarrollar las relaciones con Sud\u00e1frica parti\u00e9ndose de una visi\u00f3n basada en los intereses comunes, dijo el mandatario.<\/p>\n<p style=\"text-align: justify;\">Asegur\u00f3 que \u201clas relaciones conjuntas entre los pa\u00edses son importantes para instaurar la estabilidad y la seguridad en el futuro, y consider\u00f3 que el mundo cambia y se vuelve m\u00e1s complicado, no por la cuesti\u00f3n de Ucrania o por lo que est\u00e1 sucediendo en Siria, Yemen, Libia y otros pa\u00edses, sino por las repercusiones econ\u00f3micas que provocan inestabilidad\u201d.<\/p>\n<p style=\"text-align: justify;\">Por otro lado, consider\u00f3 que no se puede combatir el terrorismo solo con ej\u00e9rcitos, ya que la ideolog\u00eda extremista se mueve muy r\u00e1pido entre pa\u00edses y no conoce fronteras, y fluye a trav\u00e9s de Internet directamente entre la personas.<\/p>\n<p style=\"text-align: justify;\">Asimismo, subray\u00f3 la importancia y necesidad de moverse al nivel de relaciones bilaterales entre pa\u00edses en las \u00e1reas de Econom\u00eda y cultura.<\/p>\n<p style=\"text-align: justify;\">\u201cSud\u00e1frica es un estado independiente que respeta sus principios, juega un rol objetivo en varios escenarios en el mundo y tiene una posici\u00f3n importante a nivel pol\u00edtico, ya sea como pa\u00eds en s\u00ed mismo o como parte del grupo BRICS, y tambi\u00e9n apoya al pueblo sirio en su enfrentamiento al terrorismo y en sus derechos de recuperar el Gol\u00e1n ocupado\u201d, dijo el Gobernante.<\/p>\n<p style=\"text-align: justify;\">Por su parte, Dlamini valor\u00f3 mucho el apoyo que recibi\u00f3 su pa\u00eds de Siria, y consider\u00f3 que lo que atraviesa Siria hoy en d\u00eda es algo que todos deben compartir en t\u00e9rminos de experiencias y puntos de vista sobre c\u00f3mo esta naci\u00f3n super\u00f3 las crisis.<\/p>\n<p style=\"text-align: justify;\">Dlamini manifest\u00f3 que la situaci\u00f3n actual requiere una amistad constante que depende del apoyo mutuo.<\/p>\n<p style=\"text-align: justify;\">\u201cCuando existe una voluntad com\u00fan ser\u00e1 posible mantener la continuidad y estabilidad de las relaciones bilaterales, a pesar de la distancia entre Siria y Sud\u00e1frica\u201d, concluy\u00f3 la Vicecanciller.<\/p>\n<p style=\"text-align: justify;\"><em><strong>fm\/ah<\/strong><\/em><\/p>\n","protected":false},"excerpt":{"rendered":"<p>Al-Assad: \u201cSud\u00e1frica es un estado independiente que respeta sus principios, juega un rol objetivo en varios escenarios en el mundo y tiene una posici\u00f3n importante a nivel pol\u00edtico, ya sea como pa\u00eds en s\u00ed mismo o como parte del grupo BRICS, y tambi\u00e9n apoya al pueblo sirio en su enfrentamiento al terrorismo y en sus &hellip;<\/p>\n","protected":false},"author":30,"featured_media":249658,"comment_status":"closed","ping_status":"closed","sticky":false,"template":"","format":"standard","meta":{"footnotes":""},"categories":[597,20724,16237,583,626],"tags":[],"class_list":["post-249657","post","type-post","status-publish","format-standard","has-post-thumbnail","","category-cinta-de-noticias","category-minuto-a-minuto","category-presidence-de-la-republique-arabe-syria","category-slide","category-sr-presidente"],"_links":{"self":[{"href":"https:\/\/archive.sana.sy\/es\/index.php?rest_route=\/wp\/v2\/posts\/249657"}],"collection":[{"href":"https:\/\/archive.sana.sy\/es\/index.php?rest_route=\/wp\/v2\/posts"}],"about":[{"href":"https:\/\/archive.sana.sy\/es\/index.php?rest_route=\/wp\/v2\/types\/post"}],"author":[{"embeddable":true,"href":"https:\/\/archive.sana.sy\/es\/index.php?rest_route=\/wp\/v2\/users\/30"}],"replies":[{"embeddable":true,"href":"https:\/\/archive.sana.sy\/es\/index.php?rest_route=%2Fwp%2Fv2%2Fcomments&post=249657"}],"version-history":[{"count":0,"href":"https:\/\/archive.sana.sy\/es\/index.php?rest_route=\/wp\/v2\/posts\/249657\/revisions"}],"wp:featuredmedia":[{"embeddable":true,"href":"https:\/\/archive.sana.sy\/es\/index.php?rest_route=\/wp\/v2\/media\/249658"}],"wp:attachment":[{"href":"https:\/\/archive.sana.sy\/es\/index.php?rest_route=%2Fwp%2Fv2%2Fmedia&parent=249657"}],"wp:term":[{"taxonomy":"category","embeddable":true,"href":"https:\/\/archive.sana.sy\/es\/index.php?rest_route=%2Fwp%2Fv2%2Fcategories&post=249657"},{"taxonomy":"post_tag","embeddable":true,"href":"https:\/\/archive.sana.sy\/es\/index.php?rest_route=%2Fwp%2Fv2%2Ftags&post=249657"}],"curies":[{"name":"wp","href":"https:\/\/api.w.org\/{rel}","templated":true}]}}