{"id":24966,"date":"2015-06-13T22:24:07","date_gmt":"2015-06-13T19:24:07","guid":{"rendered":"http:\/\/sana.sy\/es\/?p=24966"},"modified":"2015-06-13T22:29:59","modified_gmt":"2015-06-13T19:29:59","slug":"al-miqdad-siria-es-capaz-de-hacer-frente-a-los-ataques-terroristas-gracias-al-apoyo-de-sus-amigos","status":"publish","type":"post","link":"https:\/\/archive.sana.sy\/es\/?p=24966","title":{"rendered":"Al-Miqdad: Siria es capaz de hacer frente a los ataques terroristas gracias al apoyo de sus amigos"},"content":{"rendered":"<p><span style=\"color: #800000\">Damasco, SANA<\/span><\/p>\n<p>El vicecanciller sirio, Faisal al-Miqdad denunci\u00f3 que la nueva alianza entre Arabia Saudita, Turqu\u00eda y Qatar, junto con el apoyo occidental ha alentado a los terroristas a cometer m\u00e1s cr\u00edmenes contra el pueblo sirio.<\/p>\n<p>En una entrevista\u00a0a\u00a0la agencia \u201cReuters\u201d, el alto pol\u00edtico sirio enfatiz\u00f3 que Siria es capaz de hacer frente a los ataques terroristas gracias al apoyo de sus amigos tales como Rusia, Ir\u00e1n y Hizubullah.<\/p>\n<p>Al-Miqdad aludi\u00f3 a la alta moral del Ej\u00e9rcito sirio, haciendo hincapi\u00e9 en que el Gobierno sirio busca reforzar todas las necesidades b\u00e1sicas de las Fuerzas Armadas Sirias.<\/p>\n<p>En cuanto a la coordinaci\u00f3n con Irak en materia de la lucha contra la organizaci\u00f3n terrorista del Estado Isl\u00e1mico, el Vicecanciller sirio lament\u00f3 que existen lamentablemente presiones occidentales para torpedear esta cooperaci\u00f3n.<\/p>\n<p>Al-Miqdad llam\u00f3 a una cooperaci\u00f3n m\u00e1s profunda entre los gobiernos de Siria e Irak para hacer frente a la expansi\u00f3n del EI que invadi\u00f3 muchos pueblos y superficies y elimin\u00f3 la frontera entre ambos pa\u00edses.<\/p>\n<p>En este contexto, el Vicecanciller sirio agreg\u00f3: \u201cpensamos actualmente celebrar m\u00e1s reuniones a niveles m\u00e1s altos y abiertas\u201d en los pr\u00f3ximos d\u00edas.<\/p>\n<p>En lo referente a las relaciones entre Siria y Turqu\u00eda, al-Miqdad expres\u00f3 su esperanza en la mejora de las mismas despu\u00e9s de que las elecciones parlamentarias turcas hayan asestado un duro golpe al presidente del r\u00e9gimen Recep Tayyib Erdogan.<\/p>\n<p>Al-Miqdad esper\u00f3 que las fuerzas turcas que lograron este cambio trabajen en el futuro para echar a los terroristas de Turqu\u00eda e impidan su infiltraci\u00f3n a Siria.<\/p>\n<p>&nbsp;<\/p>\n<p>Lynn A.<\/p>\n","protected":false},"excerpt":{"rendered":"<p>Damasco, SANA El vicecanciller sirio, Faisal al-Miqdad denunci\u00f3 que la nueva alianza entre Arabia Saudita, Turqu\u00eda y Qatar, junto con el apoyo occidental ha alentado a los terroristas a cometer m\u00e1s cr\u00edmenes contra el pueblo sirio. En una entrevista\u00a0a\u00a0la agencia \u201cReuters\u201d, el alto pol\u00edtico sirio enfatiz\u00f3 que Siria es capaz de hacer frente a los &hellip;<\/p>\n","protected":false},"author":24,"featured_media":22604,"comment_status":"closed","ping_status":"closed","sticky":false,"template":"","format":"standard","meta":{"footnotes":""},"categories":[477,597,476,576],"tags":[5626],"class_list":["post-24966","post","type-post","status-publish","format-standard","has-post-thumbnail","","category-noticias-edulcorantes","category-cinta-de-noticias","category-locales","category-noticias-politicas","tag-al-miqdad-siria-es-capaz-de-hacer-frente-a-los-ataques-terroristas-gracias-al-apoyo-de-sus-amigos"],"_links":{"self":[{"href":"https:\/\/archive.sana.sy\/es\/index.php?rest_route=\/wp\/v2\/posts\/24966"}],"collection":[{"href":"https:\/\/archive.sana.sy\/es\/index.php?rest_route=\/wp\/v2\/posts"}],"about":[{"href":"https:\/\/archive.sana.sy\/es\/index.php?rest_route=\/wp\/v2\/types\/post"}],"author":[{"embeddable":true,"href":"https:\/\/archive.sana.sy\/es\/index.php?rest_route=\/wp\/v2\/users\/24"}],"replies":[{"embeddable":true,"href":"https:\/\/archive.sana.sy\/es\/index.php?rest_route=%2Fwp%2Fv2%2Fcomments&post=24966"}],"version-history":[{"count":0,"href":"https:\/\/archive.sana.sy\/es\/index.php?rest_route=\/wp\/v2\/posts\/24966\/revisions"}],"wp:featuredmedia":[{"embeddable":true,"href":"https:\/\/archive.sana.sy\/es\/index.php?rest_route=\/wp\/v2\/media\/22604"}],"wp:attachment":[{"href":"https:\/\/archive.sana.sy\/es\/index.php?rest_route=%2Fwp%2Fv2%2Fmedia&parent=24966"}],"wp:term":[{"taxonomy":"category","embeddable":true,"href":"https:\/\/archive.sana.sy\/es\/index.php?rest_route=%2Fwp%2Fv2%2Fcategories&post=24966"},{"taxonomy":"post_tag","embeddable":true,"href":"https:\/\/archive.sana.sy\/es\/index.php?rest_route=%2Fwp%2Fv2%2Ftags&post=24966"}],"curies":[{"name":"wp","href":"https:\/\/api.w.org\/{rel}","templated":true}]}}