{"id":24986,"date":"2015-06-13T16:18:05","date_gmt":"2015-06-13T13:18:05","guid":{"rendered":"http:\/\/sana.sy\/es\/?p=24986"},"modified":"2015-06-13T16:18:05","modified_gmt":"2015-06-13T13:18:05","slug":"cscedh-denuncia-la-masacre-de-kalb-alloz-y-exige-castigar-a-sus-autores","status":"publish","type":"post","link":"https:\/\/archive.sana.sy\/es\/?p=24986","title":{"rendered":"CSCEDH denuncia la masacre de Kalb Alloz y exige castigar a sus autores"},"content":{"rendered":"<p><span style=\"color: #800000\">Damasco, SANA<\/span><\/p>\n<p>El Centro Sirio de Consultas, Estudios y Derechos Humanos (CSCEDH) denunci\u00f3 en\u00e9rgicamente la horrible masacre cometida recientemente a manos de los terroristas contra los poblados de la aldea de Kalb Alloz en el campo de Idleb.<\/p>\n<p>En un comunicado emitido este s\u00e1bado, el Centro carg\u00f3 a Turqu\u00eda, Qatar y Arabia Saudita con la plena responsabilidad de esta salvajada.<\/p>\n<p>Asimismo exigi\u00f3 a la comunidad internacional que adopte medidas estrictas contra los susodichos pa\u00edses y todos los patrocinadores del terrorismo.<\/p>\n<p>De igual manera, llam\u00f3 a los miembros honestos del Consejo de Seguridad Internacional que pongan fin al apoyo de EEUU al Frente de al-Nousra, calificado por este pa\u00eds como \u201cuna oposici\u00f3n moderada\u201d.<\/p>\n<p>Cabe destacar que terroristas del Frente de al-Nousra y el llamado \u201cMovimiento Isl\u00e1mico de los Libres de Shaam\u201d hab\u00edan cometido el mi\u00e9rcoles pasado una escalofriante masacre contra los habitantes de Kalb Alloz, la cual se cobr\u00f3 la vida de al menos 30 personas.<br \/>\nLynn A.<\/p>\n","protected":false},"excerpt":{"rendered":"<p>Damasco, SANA El Centro Sirio de Consultas, Estudios y Derechos Humanos (CSCEDH) denunci\u00f3 en\u00e9rgicamente la horrible masacre cometida recientemente a manos de los terroristas contra los poblados de la aldea de Kalb Alloz en el campo de Idleb. En un comunicado emitido este s\u00e1bado, el Centro carg\u00f3 a Turqu\u00eda, Qatar y Arabia Saudita con la &hellip;<\/p>\n","protected":false},"author":24,"featured_media":6674,"comment_status":"closed","ping_status":"closed","sticky":false,"template":"","format":"standard","meta":{"footnotes":""},"categories":[477,476,576],"tags":[5629],"class_list":["post-24986","post","type-post","status-publish","format-standard","has-post-thumbnail","","category-noticias-edulcorantes","category-locales","category-noticias-politicas","tag-cscedh-denuncia-la-masacre-de-kalb-alloz-y-exige-castigar-a-sus-autores"],"_links":{"self":[{"href":"https:\/\/archive.sana.sy\/es\/index.php?rest_route=\/wp\/v2\/posts\/24986"}],"collection":[{"href":"https:\/\/archive.sana.sy\/es\/index.php?rest_route=\/wp\/v2\/posts"}],"about":[{"href":"https:\/\/archive.sana.sy\/es\/index.php?rest_route=\/wp\/v2\/types\/post"}],"author":[{"embeddable":true,"href":"https:\/\/archive.sana.sy\/es\/index.php?rest_route=\/wp\/v2\/users\/24"}],"replies":[{"embeddable":true,"href":"https:\/\/archive.sana.sy\/es\/index.php?rest_route=%2Fwp%2Fv2%2Fcomments&post=24986"}],"version-history":[{"count":0,"href":"https:\/\/archive.sana.sy\/es\/index.php?rest_route=\/wp\/v2\/posts\/24986\/revisions"}],"wp:featuredmedia":[{"embeddable":true,"href":"https:\/\/archive.sana.sy\/es\/index.php?rest_route=\/wp\/v2\/media\/6674"}],"wp:attachment":[{"href":"https:\/\/archive.sana.sy\/es\/index.php?rest_route=%2Fwp%2Fv2%2Fmedia&parent=24986"}],"wp:term":[{"taxonomy":"category","embeddable":true,"href":"https:\/\/archive.sana.sy\/es\/index.php?rest_route=%2Fwp%2Fv2%2Fcategories&post=24986"},{"taxonomy":"post_tag","embeddable":true,"href":"https:\/\/archive.sana.sy\/es\/index.php?rest_route=%2Fwp%2Fv2%2Ftags&post=24986"}],"curies":[{"name":"wp","href":"https:\/\/api.w.org\/{rel}","templated":true}]}}