{"id":24993,"date":"2015-06-13T15:09:13","date_gmt":"2015-06-13T12:09:13","guid":{"rendered":"http:\/\/sana.sy\/es\/?p=24993"},"modified":"2015-06-13T17:11:48","modified_gmt":"2015-06-13T14:11:48","slug":"diario-turco-el-grupo-extremista-juventud-musulmana-de-anatolia-instiga-a-los-turcos-para-combatir-en-siria","status":"publish","type":"post","link":"https:\/\/archive.sana.sy\/es\/?p=24993","title":{"rendered":"Diario turco: el grupo extremista \u201cJuventud Musulmana de Anatolia\u201d instiga a los turcos para combatir en Siria"},"content":{"rendered":"<p><span style=\"color: #800000\">Ankara, SANA<\/span><\/p>\n<p>Los medios de comunicaci\u00f3n turcos no se cansan de publicar noticias que confirman la implicaci\u00f3n del r\u00e9gimen del presidente Recep Tayyip Erdogan en brindar muchas facilitaciones para la infiltraci\u00f3n de los terroristas desde el territorio turco en el sirio.<\/p>\n<p>En este contexto, el sitio web \u201cTahahaber\u201d subray\u00f3 hoy el s\u00e1bado que el grupo denominado \u201cla Juventud Musulmana de Anatolia\u201d, vinculada con la organizaci\u00f3n del \u201cGran Frente Isl\u00e1mico de los Invasores de Oriente\u201d que tiene su sede en Estambul, sigue instigando a los turcos para combatir en las filas de las organizaciones terroristas que operan en Siria.<\/p>\n<p>El sitio precis\u00f3 que este grupo extremista realiza sus actividades en las localidades dependientes de la capital turca, sobre todo \u00dcmraniye, Esenler, Beyoglu, as\u00ed como utiliza su propia revista \u201cBaran\u201d para alentar al sectarismo y llamar a la creaci\u00f3n del \u201cGran Oriente Isl\u00e1mico\u201d.<\/p>\n<p>Asimismo se\u00f1al\u00f3 que la cabeza del r\u00e9gimen turco, Recep Tayyib Erdogan es la personalidad pol\u00edtica favorita del grupo extremista, a\u00f1adiendo que el L\u00edder del \u201cGran Frente Isl\u00e1mico de los Invasores de Oriente\u201d se reuni\u00f3 con el Presidente turco en varias ocasiones despu\u00e9s de haber sido liberado en el a\u00f1o pasado.<\/p>\n<p>De igual manera aludi\u00f3 que el grupo \u201cla Juventud Musulmana de Anatolia\u201d envi\u00f3 a numerosos de sus integrantes para combatir el Ej\u00e9rcito sirio en la provincia de Idleb, a\u00f1adiendo que estos mismos batallan en de las filas de las llamadas \u201cBrigada del Sult\u00e1n Abud al-Hamid\u201d y \u201cBrigada del Sult\u00e1n Hamid\u201d, grupos terroristas vinculados directamente con el Frente de al-Nousra y \u201cel Movimiento Isl\u00e1mico de los Libres de Shaam\u201d.<\/p>\n<p>El cabecilla de la \u201cBrigada del Sult\u00e1n Abdul al-Hamid\u201d visita Turqu\u00eda con frecuencia para solicitar apoyo de diferentes \u00f3rganos y asociaciones en la misma, subray\u00f3 el diario turco.<\/p>\n<p>Lynn A.<\/p>\n","protected":false},"excerpt":{"rendered":"<p>Ankara, SANA Los medios de comunicaci\u00f3n turcos no se cansan de publicar noticias que confirman la implicaci\u00f3n del r\u00e9gimen del presidente Recep Tayyip Erdogan en brindar muchas facilitaciones para la infiltraci\u00f3n de los terroristas desde el territorio turco en el sirio. En este contexto, el sitio web \u201cTahahaber\u201d subray\u00f3 hoy el s\u00e1bado que el grupo &hellip;<\/p>\n","protected":false},"author":24,"featured_media":24994,"comment_status":"closed","ping_status":"closed","sticky":false,"template":"","format":"standard","meta":{"footnotes":""},"categories":[555,456,457,576],"tags":[5631],"class_list":["post-24993","post","type-post","status-publish","format-standard","has-post-thumbnail","","category-prensa","category-arabe-internacional-politica","category-noticias-arabe-internacional-politica","category-noticias-politicas","tag-diario-turco-el-grupo-extremista-juventud-musulmana-de-anatolia-instiga-a-los-turcos-para-combatir-en-siria"],"_links":{"self":[{"href":"https:\/\/archive.sana.sy\/es\/index.php?rest_route=\/wp\/v2\/posts\/24993"}],"collection":[{"href":"https:\/\/archive.sana.sy\/es\/index.php?rest_route=\/wp\/v2\/posts"}],"about":[{"href":"https:\/\/archive.sana.sy\/es\/index.php?rest_route=\/wp\/v2\/types\/post"}],"author":[{"embeddable":true,"href":"https:\/\/archive.sana.sy\/es\/index.php?rest_route=\/wp\/v2\/users\/24"}],"replies":[{"embeddable":true,"href":"https:\/\/archive.sana.sy\/es\/index.php?rest_route=%2Fwp%2Fv2%2Fcomments&post=24993"}],"version-history":[{"count":0,"href":"https:\/\/archive.sana.sy\/es\/index.php?rest_route=\/wp\/v2\/posts\/24993\/revisions"}],"wp:featuredmedia":[{"embeddable":true,"href":"https:\/\/archive.sana.sy\/es\/index.php?rest_route=\/wp\/v2\/media\/24994"}],"wp:attachment":[{"href":"https:\/\/archive.sana.sy\/es\/index.php?rest_route=%2Fwp%2Fv2%2Fmedia&parent=24993"}],"wp:term":[{"taxonomy":"category","embeddable":true,"href":"https:\/\/archive.sana.sy\/es\/index.php?rest_route=%2Fwp%2Fv2%2Fcategories&post=24993"},{"taxonomy":"post_tag","embeddable":true,"href":"https:\/\/archive.sana.sy\/es\/index.php?rest_route=%2Fwp%2Fv2%2Ftags&post=24993"}],"curies":[{"name":"wp","href":"https:\/\/api.w.org\/{rel}","templated":true}]}}