{"id":249941,"date":"2022-08-27T07:07:05","date_gmt":"2022-08-27T04:07:05","guid":{"rendered":"http:\/\/107.6.182.27\/es\/?p=249941"},"modified":"2023-01-10T15:54:11","modified_gmt":"2023-01-10T13:54:11","slug":"las-fuerzas-rusas-destruyen-un-radar-del-sistema-antiaereo-s-300-de-las-fuerzas-ucranianas","status":"publish","type":"post","link":"https:\/\/archive.sana.sy\/es\/?p=249941","title":{"rendered":"Las fuerzas rusas destruyen un radar del sistema antia\u00e9reo S-300 de las fuerzas ucranianas"},"content":{"rendered":"<p style=\"text-align: justify;\"><span style=\"color: #800000;\"><strong>Mosc\u00fa, 27 ago (SANA)\u00a0\u00a0<\/strong><\/span> El Ministerio de Defensa ruso anunci\u00f3 que sus fuerzas destruyeron un radar de gu\u00eda del sistema S-300 de las fuerzas ucranianas.<\/p>\n<p style=\"text-align: justify;\">La agencia de noticias RIA Novosti cit\u00f3 al ministerio diciendo en un comunicado, que las fuerzas rusas lograron destruir el radar en la ciudad de Parvenkovo \u200b\u200ben la regi\u00f3n de Kharkov en el noreste de Ucrania.<\/p>\n<p style=\"text-align: justify;\">Anteriormente, el Ministerio anunci\u00f3 la eliminaci\u00f3n de m\u00e1s de 50 ultranacionalistas ucranianos en la Rep\u00fablica de Donetsk y la destrucci\u00f3n de m\u00e1s de 170 puestos de mando y concentraci\u00f3n de las fuerzas de Kiev y 6 dep\u00f3sitos de municiones y combustible.<\/p>\n<p style=\"text-align: justify;\">fm<\/p>\n<p style=\"text-align: justify;\">\n","protected":false},"excerpt":{"rendered":"<p>Mosc\u00fa, 27 ago (SANA)\u00a0\u00a0 El Ministerio de Defensa ruso anunci\u00f3 que sus fuerzas destruyeron un radar de gu\u00eda del sistema S-300 de las fuerzas ucranianas. La agencia de noticias RIA Novosti cit\u00f3 al ministerio diciendo en un comunicado, que las fuerzas rusas lograron destruir el radar en la ciudad de Parvenkovo \u200b\u200ben la regi\u00f3n de &hellip;<\/p>\n","protected":false},"author":34,"featured_media":249942,"comment_status":"closed","ping_status":"closed","sticky":false,"template":"","format":"standard","meta":{"footnotes":""},"categories":[597,456,20724,7541],"tags":[],"class_list":["post-249941","post","type-post","status-publish","format-standard","has-post-thumbnail","","category-cinta-de-noticias","category-arabe-internacional-politica","category-minuto-a-minuto","category-ultimas-noticias"],"_links":{"self":[{"href":"https:\/\/archive.sana.sy\/es\/index.php?rest_route=\/wp\/v2\/posts\/249941"}],"collection":[{"href":"https:\/\/archive.sana.sy\/es\/index.php?rest_route=\/wp\/v2\/posts"}],"about":[{"href":"https:\/\/archive.sana.sy\/es\/index.php?rest_route=\/wp\/v2\/types\/post"}],"author":[{"embeddable":true,"href":"https:\/\/archive.sana.sy\/es\/index.php?rest_route=\/wp\/v2\/users\/34"}],"replies":[{"embeddable":true,"href":"https:\/\/archive.sana.sy\/es\/index.php?rest_route=%2Fwp%2Fv2%2Fcomments&post=249941"}],"version-history":[{"count":0,"href":"https:\/\/archive.sana.sy\/es\/index.php?rest_route=\/wp\/v2\/posts\/249941\/revisions"}],"wp:featuredmedia":[{"embeddable":true,"href":"https:\/\/archive.sana.sy\/es\/index.php?rest_route=\/wp\/v2\/media\/249942"}],"wp:attachment":[{"href":"https:\/\/archive.sana.sy\/es\/index.php?rest_route=%2Fwp%2Fv2%2Fmedia&parent=249941"}],"wp:term":[{"taxonomy":"category","embeddable":true,"href":"https:\/\/archive.sana.sy\/es\/index.php?rest_route=%2Fwp%2Fv2%2Fcategories&post=249941"},{"taxonomy":"post_tag","embeddable":true,"href":"https:\/\/archive.sana.sy\/es\/index.php?rest_route=%2Fwp%2Fv2%2Ftags&post=249941"}],"curies":[{"name":"wp","href":"https:\/\/api.w.org\/{rel}","templated":true}]}}