{"id":249999,"date":"2022-08-27T17:34:52","date_gmt":"2022-08-27T14:34:52","guid":{"rendered":"http:\/\/107.6.182.27\/es\/?p=249999"},"modified":"2023-01-10T15:54:10","modified_gmt":"2023-01-10T13:54:10","slug":"el-obus-m777-que-bombardeaba-la-central-nuclear-de-zaporiyia-ha-sido-destruido-por-las-fuerzas-rusas","status":"publish","type":"post","link":"https:\/\/archive.sana.sy\/es\/?p=249999","title":{"rendered":"El ob\u00fas M777 que bombardeaba la central nuclear de Zaporiyia ha sido destruido por las fuerzas rusas"},"content":{"rendered":"<p style=\"text-align: justify;\">Mosc\u00fa, 27 ago (SANA) El ob\u00fas M777 de fabricaci\u00f3n estadounidense que fue utilizado para bombardear la central nuclear de Zaporiyia ha sido destruido en la regi\u00f3n de Dnepropetrovsk, inform\u00f3 el Ministerio de Defensa ruso en su actualizaci\u00f3n diaria sobre el transcurso de la operaci\u00f3n militar especial en Ucrania.<\/p>\n<p style=\"text-align: justify;\">&#8220;En el transcurso de los combates de contrabater\u00eda, se detect\u00f3 y destruy\u00f3 un ob\u00fas M777 estadounidense que abr\u00eda fuego contra la instalaci\u00f3n nuclear&#8221;, declar\u00f3 \u00cdgor Konash\u00e9nkov, el portavoz del ministerio.<\/p>\n<p style=\"text-align: justify;\">Agreg\u00f3 que las fuerzas rusas destruyeron un almac\u00e9n de municiones ucraniano con misiles para sistemas Himars.<\/p>\n<p style=\"text-align: justify;\">fm\/sm<\/p>\n","protected":false},"excerpt":{"rendered":"<p>Mosc\u00fa, 27 ago (SANA) El ob\u00fas M777 de fabricaci\u00f3n estadounidense que fue utilizado para bombardear la central nuclear de Zaporiyia ha sido destruido en la regi\u00f3n de Dnepropetrovsk, inform\u00f3 el Ministerio de Defensa ruso en su actualizaci\u00f3n diaria sobre el transcurso de la operaci\u00f3n militar especial en Ucrania. &#8220;En el transcurso de los combates de &hellip;<\/p>\n","protected":false},"author":39,"featured_media":250000,"comment_status":"closed","ping_status":"closed","sticky":false,"template":"","format":"standard","meta":{"footnotes":""},"categories":[477,597,456,583],"tags":[],"class_list":["post-249999","post","type-post","status-publish","format-standard","has-post-thumbnail","","category-noticias-edulcorantes","category-cinta-de-noticias","category-arabe-internacional-politica","category-slide"],"_links":{"self":[{"href":"https:\/\/archive.sana.sy\/es\/index.php?rest_route=\/wp\/v2\/posts\/249999"}],"collection":[{"href":"https:\/\/archive.sana.sy\/es\/index.php?rest_route=\/wp\/v2\/posts"}],"about":[{"href":"https:\/\/archive.sana.sy\/es\/index.php?rest_route=\/wp\/v2\/types\/post"}],"author":[{"embeddable":true,"href":"https:\/\/archive.sana.sy\/es\/index.php?rest_route=\/wp\/v2\/users\/39"}],"replies":[{"embeddable":true,"href":"https:\/\/archive.sana.sy\/es\/index.php?rest_route=%2Fwp%2Fv2%2Fcomments&post=249999"}],"version-history":[{"count":0,"href":"https:\/\/archive.sana.sy\/es\/index.php?rest_route=\/wp\/v2\/posts\/249999\/revisions"}],"wp:featuredmedia":[{"embeddable":true,"href":"https:\/\/archive.sana.sy\/es\/index.php?rest_route=\/wp\/v2\/media\/250000"}],"wp:attachment":[{"href":"https:\/\/archive.sana.sy\/es\/index.php?rest_route=%2Fwp%2Fv2%2Fmedia&parent=249999"}],"wp:term":[{"taxonomy":"category","embeddable":true,"href":"https:\/\/archive.sana.sy\/es\/index.php?rest_route=%2Fwp%2Fv2%2Fcategories&post=249999"},{"taxonomy":"post_tag","embeddable":true,"href":"https:\/\/archive.sana.sy\/es\/index.php?rest_route=%2Fwp%2Fv2%2Ftags&post=249999"}],"curies":[{"name":"wp","href":"https:\/\/api.w.org\/{rel}","templated":true}]}}