{"id":25001,"date":"2015-06-13T20:21:32","date_gmt":"2015-06-13T17:21:32","guid":{"rendered":"http:\/\/sana.sy\/es\/?p=25001"},"modified":"2015-06-13T20:21:32","modified_gmt":"2015-06-13T17:21:32","slug":"el-ejercito-iraqui-avanza-en-varias-provincias-en-el-pais","status":"publish","type":"post","link":"https:\/\/archive.sana.sy\/es\/?p=25001","title":{"rendered":"El ej\u00e9rcito iraqu\u00ed avanza en varias provincias en el pa\u00eds"},"content":{"rendered":"<p><span style=\"color: #800000\">Bagdad-SANA<\/span><\/p>\n<p style=\"text-align: justify\">El ej\u00e9rcito iraqu\u00ed en cooperaci\u00f3n con las tropas de Defensa Popular y las fuerzas de seguridad del pa\u00eds retom\u00f3 el control de la mayor parte de la ciudad de Samarra, en la provinvia de Salah al-Din.<\/p>\n<p style=\"text-align: justify\">En la provincia de Diyala, Fuerzas iraqu\u00edes han logrado liberar del control del grupo yihadista Estado Isl\u00e1mico (EI) las zonas que quedaban bajo su dominio en la provincia.<\/p>\n<p style=\"text-align: justify\">Las fuerzas de seguridad, iniciaron una operaci\u00f3n envergadura para para expulsar a Estado Isl\u00e1mico de la localidad al-Abarah, seg\u00fan fuentes locales.<\/p>\n<p style=\"text-align: justify\">Es de se\u00f1alar que, Iraq vive desde junio pasado una cruenta lucha contra el EI, que ha proclamado un califato en zonas de este pa\u00eds y de Siria bajo su control.<\/p>\n<p style=\"text-align: justify\">Seg\u00fan los datos del Gobierno iraqu\u00ed, m\u00e1s de 15.000 personas murieron y otras 22.000 resultaron heridas a causa de los ataques terroristas y otros actos de violencia en el pa\u00eds durante 2014.<\/p>\n<p>M.Miri<\/p>\n","protected":false},"excerpt":{"rendered":"<p>Bagdad-SANA El ej\u00e9rcito iraqu\u00ed en cooperaci\u00f3n con las tropas de Defensa Popular y las fuerzas de seguridad del pa\u00eds retom\u00f3 el control de la mayor parte de la ciudad de Samarra, en la provinvia de Salah al-Din. En la provincia de Diyala, Fuerzas iraqu\u00edes han logrado liberar del control del grupo yihadista Estado Isl\u00e1mico (EI) &hellip;<\/p>\n","protected":false},"author":1,"featured_media":25002,"comment_status":"closed","ping_status":"closed","sticky":false,"template":"","format":"standard","meta":{"footnotes":""},"categories":[456,457,576],"tags":[5632],"class_list":["post-25001","post","type-post","status-publish","format-standard","has-post-thumbnail","","category-arabe-internacional-politica","category-noticias-arabe-internacional-politica","category-noticias-politicas","tag-el-ejercito-iraqui-avanza-en-varias-provincias-en-el-pais"],"_links":{"self":[{"href":"https:\/\/archive.sana.sy\/es\/index.php?rest_route=\/wp\/v2\/posts\/25001"}],"collection":[{"href":"https:\/\/archive.sana.sy\/es\/index.php?rest_route=\/wp\/v2\/posts"}],"about":[{"href":"https:\/\/archive.sana.sy\/es\/index.php?rest_route=\/wp\/v2\/types\/post"}],"author":[{"embeddable":true,"href":"https:\/\/archive.sana.sy\/es\/index.php?rest_route=\/wp\/v2\/users\/1"}],"replies":[{"embeddable":true,"href":"https:\/\/archive.sana.sy\/es\/index.php?rest_route=%2Fwp%2Fv2%2Fcomments&post=25001"}],"version-history":[{"count":0,"href":"https:\/\/archive.sana.sy\/es\/index.php?rest_route=\/wp\/v2\/posts\/25001\/revisions"}],"wp:featuredmedia":[{"embeddable":true,"href":"https:\/\/archive.sana.sy\/es\/index.php?rest_route=\/wp\/v2\/media\/25002"}],"wp:attachment":[{"href":"https:\/\/archive.sana.sy\/es\/index.php?rest_route=%2Fwp%2Fv2%2Fmedia&parent=25001"}],"wp:term":[{"taxonomy":"category","embeddable":true,"href":"https:\/\/archive.sana.sy\/es\/index.php?rest_route=%2Fwp%2Fv2%2Fcategories&post=25001"},{"taxonomy":"post_tag","embeddable":true,"href":"https:\/\/archive.sana.sy\/es\/index.php?rest_route=%2Fwp%2Fv2%2Ftags&post=25001"}],"curies":[{"name":"wp","href":"https:\/\/api.w.org\/{rel}","templated":true}]}}