{"id":25004,"date":"2015-06-13T20:30:55","date_gmt":"2015-06-13T17:30:55","guid":{"rendered":"http:\/\/sana.sy\/es\/?p=25004"},"modified":"2015-06-13T20:30:55","modified_gmt":"2015-06-13T17:30:55","slug":"la-red-electrica-de-turquia-no-deja-sin-luz-a-los-terroristas","status":"publish","type":"post","link":"https:\/\/archive.sana.sy\/es\/?p=25004","title":{"rendered":"La red el\u00e9ctrica de Turqu\u00eda no deja sin luz a los terroristas"},"content":{"rendered":"<p><span style=\"color: #800000\">Ankara-SANA<\/span><\/p>\n<p style=\"text-align: justify\">El r\u00e9gimen turco alimenta de energ\u00eda el\u00e9ctrica a una ciudad siria controlada por el grupo terrorista EI (Daesh), seg\u00fan informaron medios de comunicaci\u00f3n turcos.<\/p>\n<p style=\"text-align: justify\">El diario turco Today&#8217;s Zaman, revel\u00f3 en un informe que la compa\u00f1\u00eda de electricidad turca \u201cDicle\u201d suministra la energ\u00eda el\u00e9ctrica a la ciudad de Tal Abyad, en la provincia norte\u00f1a de Raqa, principal basti\u00f3n de Daesh en Siria.<\/p>\n<p style=\"text-align: justify\">De acuerdo con la fuente, mientras los residentes de la ciudad turca de Ak\u00e7akale, ubicada justo al otro lado de la frontera, sufren constantes cortes de luz durante el d\u00eda, el suministro de electricidad a Tal Abyad no se interrumpe.<\/p>\n<p style=\"text-align: justify\">En el mismo contexto, el diario Today&#8217;s Zaman denuncia la presencia &#8220;expl\u00edcita&#8221; de miembros del EI en las calles de Ak\u00e7akale, con el fin de reclutar e incorporar combatientes para el grupo terrorista (Daesh).<\/p>\n<p style=\"text-align: justify\">Cabe mencionar que, el jueves pasado, el diario turco \u201cCumhuriyet\u201d public\u00f3 unos videos que manifestaban c\u00f3mo los agentes de Inteligencia turca acompa\u00f1an a miembros de (Daesh) en su viaje secreto desde Turqu\u00eda hasta Siria.<\/p>\n<p style=\"text-align: justify\">El 29 de Mayo \u201cCumhuriyet\u201d difundi\u00f3 otro video, donde se ve\u00eda a agentes de la Organizaci\u00f3n Nacional de Inteligencia de Turqu\u00eda (MIT) facilitando el paso de camiones cargados de municiones y armas destinados a los terroristas en Siria.<\/p>\n<p>M.Miri, Riad.Sh<\/p>\n","protected":false},"excerpt":{"rendered":"<p>Ankara-SANA El r\u00e9gimen turco alimenta de energ\u00eda el\u00e9ctrica a una ciudad siria controlada por el grupo terrorista EI (Daesh), seg\u00fan informaron medios de comunicaci\u00f3n turcos. El diario turco Today&#8217;s Zaman, revel\u00f3 en un informe que la compa\u00f1\u00eda de electricidad turca \u201cDicle\u201d suministra la energ\u00eda el\u00e9ctrica a la ciudad de Tal Abyad, en la provincia norte\u00f1a &hellip;<\/p>\n","protected":false},"author":1,"featured_media":25005,"comment_status":"closed","ping_status":"closed","sticky":false,"template":"","format":"standard","meta":{"footnotes":""},"categories":[555],"tags":[5633],"class_list":["post-25004","post","type-post","status-publish","format-standard","has-post-thumbnail","","category-prensa","tag-la-red-electrica-de-turquia-no-deja-sin-luz-a-los-terroristas"],"_links":{"self":[{"href":"https:\/\/archive.sana.sy\/es\/index.php?rest_route=\/wp\/v2\/posts\/25004"}],"collection":[{"href":"https:\/\/archive.sana.sy\/es\/index.php?rest_route=\/wp\/v2\/posts"}],"about":[{"href":"https:\/\/archive.sana.sy\/es\/index.php?rest_route=\/wp\/v2\/types\/post"}],"author":[{"embeddable":true,"href":"https:\/\/archive.sana.sy\/es\/index.php?rest_route=\/wp\/v2\/users\/1"}],"replies":[{"embeddable":true,"href":"https:\/\/archive.sana.sy\/es\/index.php?rest_route=%2Fwp%2Fv2%2Fcomments&post=25004"}],"version-history":[{"count":0,"href":"https:\/\/archive.sana.sy\/es\/index.php?rest_route=\/wp\/v2\/posts\/25004\/revisions"}],"wp:featuredmedia":[{"embeddable":true,"href":"https:\/\/archive.sana.sy\/es\/index.php?rest_route=\/wp\/v2\/media\/25005"}],"wp:attachment":[{"href":"https:\/\/archive.sana.sy\/es\/index.php?rest_route=%2Fwp%2Fv2%2Fmedia&parent=25004"}],"wp:term":[{"taxonomy":"category","embeddable":true,"href":"https:\/\/archive.sana.sy\/es\/index.php?rest_route=%2Fwp%2Fv2%2Fcategories&post=25004"},{"taxonomy":"post_tag","embeddable":true,"href":"https:\/\/archive.sana.sy\/es\/index.php?rest_route=%2Fwp%2Fv2%2Ftags&post=25004"}],"curies":[{"name":"wp","href":"https:\/\/api.w.org\/{rel}","templated":true}]}}