{"id":25007,"date":"2015-06-13T20:51:23","date_gmt":"2015-06-13T17:51:23","guid":{"rendered":"http:\/\/sana.sy\/es\/?p=25007"},"modified":"2015-06-13T20:51:23","modified_gmt":"2015-06-13T17:51:23","slug":"nuevos-ataques-feroces-de-las-fuerzas-saudies-contra-yemen","status":"publish","type":"post","link":"https:\/\/archive.sana.sy\/es\/?p=25007","title":{"rendered":"Nuevos ataques feroces de las fuerzas saud\u00edes contra Yemen"},"content":{"rendered":"<p><span style=\"color: #800000\">San\u00e1-SANA<\/span><\/p>\n<p style=\"text-align: justify\">Nuevos ataques a\u00e9reos de las fuerzas saud\u00edes se han cobrado la madrugada de este s\u00e1bado la vida de cinco personas en San\u00e1.<br \/>\nEntre las v\u00edctimas de los \u00faltimos ataques a\u00e9reos saud\u00edes contra una zona sure\u00f1a de San\u00e1 se encuentran una mujer, tres ni\u00f1os y un hombre, mientras m\u00e1s de 40 personas resultaron heridas.<\/p>\n<p style=\"text-align: justify\">Todav\u00eda no hay m\u00e1s detalles sobre estos bombardeos saud\u00edes. Seg\u00fan fuentes locales, los aviones de combate saud\u00edes tambi\u00e9n atacaron el palacio presidencial en San\u00e1.<\/p>\n<p style=\"text-align: justify\">El viernes, los ataques a\u00e9reos saud\u00edes dejaron m\u00e1s de 30 muertos en diferentes partes del pa\u00eds \u00e1rabe, mientras el aeropuerto de la ciudad sure\u00f1a de Ad\u00e9n fue golpeado por los bombardeos de las fuerzas del r\u00e9gimen saud\u00ed.<\/p>\n<p style=\"text-align: justify\">En otro contexto, El r\u00e9gimen de Arabia Saud\u00ed est\u00e1 utilizando armas prohibidas por los convenios internacionales en sus continuos bombardeos contra Yemen, seg\u00fan el Ministerio yemen\u00ed de Salud.<\/p>\n<p style=\"text-align: justify\">&#8220;Las heridas sufridas por los yemen\u00edes demuestran que el r\u00e9gimen saud\u00ed, durante sus ataques a Yemen, usa armas prohibidas internacionalmente&#8221;, ha anunciado este s\u00e1bado Tamim al-Shami, portavoz del Ministerio yemen\u00ed, en un comunicado.<\/p>\n<p style=\"text-align: justify\">De acuerdo con las estimaciones, unas 4 000 personas han perdido la vida y m\u00e1s de 6 000 resultado heridas durante la campa\u00f1a militar saud\u00ed, iniciada el pasado 26 de marzo.<\/p>\n<p>M.Miri<\/p>\n","protected":false},"excerpt":{"rendered":"<p>San\u00e1-SANA Nuevos ataques a\u00e9reos de las fuerzas saud\u00edes se han cobrado la madrugada de este s\u00e1bado la vida de cinco personas en San\u00e1. Entre las v\u00edctimas de los \u00faltimos ataques a\u00e9reos saud\u00edes contra una zona sure\u00f1a de San\u00e1 se encuentran una mujer, tres ni\u00f1os y un hombre, mientras m\u00e1s de 40 personas resultaron heridas. Todav\u00eda &hellip;<\/p>\n","protected":false},"author":1,"featured_media":20512,"comment_status":"closed","ping_status":"closed","sticky":false,"template":"","format":"standard","meta":{"footnotes":""},"categories":[456,457,576],"tags":[5634],"class_list":["post-25007","post","type-post","status-publish","format-standard","has-post-thumbnail","","category-arabe-internacional-politica","category-noticias-arabe-internacional-politica","category-noticias-politicas","tag-nuevos-ataques-feroces-de-las-fuerzas-saudies-contra-yemen"],"_links":{"self":[{"href":"https:\/\/archive.sana.sy\/es\/index.php?rest_route=\/wp\/v2\/posts\/25007"}],"collection":[{"href":"https:\/\/archive.sana.sy\/es\/index.php?rest_route=\/wp\/v2\/posts"}],"about":[{"href":"https:\/\/archive.sana.sy\/es\/index.php?rest_route=\/wp\/v2\/types\/post"}],"author":[{"embeddable":true,"href":"https:\/\/archive.sana.sy\/es\/index.php?rest_route=\/wp\/v2\/users\/1"}],"replies":[{"embeddable":true,"href":"https:\/\/archive.sana.sy\/es\/index.php?rest_route=%2Fwp%2Fv2%2Fcomments&post=25007"}],"version-history":[{"count":0,"href":"https:\/\/archive.sana.sy\/es\/index.php?rest_route=\/wp\/v2\/posts\/25007\/revisions"}],"wp:featuredmedia":[{"embeddable":true,"href":"https:\/\/archive.sana.sy\/es\/index.php?rest_route=\/wp\/v2\/media\/20512"}],"wp:attachment":[{"href":"https:\/\/archive.sana.sy\/es\/index.php?rest_route=%2Fwp%2Fv2%2Fmedia&parent=25007"}],"wp:term":[{"taxonomy":"category","embeddable":true,"href":"https:\/\/archive.sana.sy\/es\/index.php?rest_route=%2Fwp%2Fv2%2Fcategories&post=25007"},{"taxonomy":"post_tag","embeddable":true,"href":"https:\/\/archive.sana.sy\/es\/index.php?rest_route=%2Fwp%2Fv2%2Ftags&post=25007"}],"curies":[{"name":"wp","href":"https:\/\/api.w.org\/{rel}","templated":true}]}}