{"id":250080,"date":"2022-08-28T12:21:36","date_gmt":"2022-08-28T09:21:36","guid":{"rendered":"http:\/\/107.6.182.27\/es\/?p=250080"},"modified":"2022-08-28T12:22:24","modified_gmt":"2022-08-28T09:22:24","slug":"siria-expresa-solidaridad-con-pakistan-por-las-catastroficas-inundaciones-que-asola-esta-nacion-asiatica","status":"publish","type":"post","link":"https:\/\/archive.sana.sy\/es\/?p=250080","title":{"rendered":"Siria expresa solidaridad con Pakist\u00e1n por las catastr\u00f3ficas inundaciones que asola esta naci\u00f3n asi\u00e1tica"},"content":{"rendered":"<p style=\"text-align: justify;\"><span style=\"color: #800000;\"><strong>Damasco, 28 ago (SANA)\u00a0<\/strong> <\/span>El Ministerio de Exteriores y Expatriados de Siria lament\u00f3 profundamente las catastr\u00f3ficas inundaciones que afectaron algunas regiones de Pakist\u00e1n.<\/p>\n<p style=\"text-align: justify;\">En un comunicado, la Canciller\u00eda siria expres\u00f3 su profundo pesar por las p\u00e9rdidas humanas y materiales y manifest\u00f3 las sinceras condolencias por las v\u00edctimas y pronta recuperaci\u00f3n a los heridos.<\/p>\n<p style=\"text-align: justify;\">Damasco insta a la comunidad internacional a que intervenga de inmediato para prestar la ayuda humanitaria necesaria con el fin de salvar las vidas de los ni\u00f1os, mujeres y ancianos que se han visto afectados por estos fen\u00f3menos naturales, agreg\u00f3 la nota.<\/p>\n<p style=\"text-align: justify;\">Hasta el momento, se confirm\u00f3 la muerte de mil personas por las fuertes lluvias monz\u00f3nicas en Pakist\u00e1n.<\/p>\n<p style=\"text-align: justify;\"><em><strong>ws\/fm<\/strong><\/em><\/p>\n","protected":false},"excerpt":{"rendered":"<p>Damasco, 28 ago (SANA)\u00a0 El Ministerio de Exteriores y Expatriados de Siria lament\u00f3 profundamente las catastr\u00f3ficas inundaciones que afectaron algunas regiones de Pakist\u00e1n. En un comunicado, la Canciller\u00eda siria expres\u00f3 su profundo pesar por las p\u00e9rdidas humanas y materiales y manifest\u00f3 las sinceras condolencias por las v\u00edctimas y pronta recuperaci\u00f3n a los heridos. Damasco insta &hellip;<\/p>\n","protected":false},"author":35,"featured_media":250082,"comment_status":"closed","ping_status":"closed","sticky":false,"template":"","format":"standard","meta":{"footnotes":""},"categories":[447,477,597,476,457,583],"tags":[],"class_list":["post-250080","post","type-post","status-publish","format-standard","has-post-thumbnail","","category-local-politica","category-noticias-edulcorantes","category-cinta-de-noticias","category-locales","category-noticias-arabe-internacional-politica","category-slide"],"_links":{"self":[{"href":"https:\/\/archive.sana.sy\/es\/index.php?rest_route=\/wp\/v2\/posts\/250080"}],"collection":[{"href":"https:\/\/archive.sana.sy\/es\/index.php?rest_route=\/wp\/v2\/posts"}],"about":[{"href":"https:\/\/archive.sana.sy\/es\/index.php?rest_route=\/wp\/v2\/types\/post"}],"author":[{"embeddable":true,"href":"https:\/\/archive.sana.sy\/es\/index.php?rest_route=\/wp\/v2\/users\/35"}],"replies":[{"embeddable":true,"href":"https:\/\/archive.sana.sy\/es\/index.php?rest_route=%2Fwp%2Fv2%2Fcomments&post=250080"}],"version-history":[{"count":0,"href":"https:\/\/archive.sana.sy\/es\/index.php?rest_route=\/wp\/v2\/posts\/250080\/revisions"}],"wp:featuredmedia":[{"embeddable":true,"href":"https:\/\/archive.sana.sy\/es\/index.php?rest_route=\/wp\/v2\/media\/250082"}],"wp:attachment":[{"href":"https:\/\/archive.sana.sy\/es\/index.php?rest_route=%2Fwp%2Fv2%2Fmedia&parent=250080"}],"wp:term":[{"taxonomy":"category","embeddable":true,"href":"https:\/\/archive.sana.sy\/es\/index.php?rest_route=%2Fwp%2Fv2%2Fcategories&post=250080"},{"taxonomy":"post_tag","embeddable":true,"href":"https:\/\/archive.sana.sy\/es\/index.php?rest_route=%2Fwp%2Fv2%2Ftags&post=250080"}],"curies":[{"name":"wp","href":"https:\/\/api.w.org\/{rel}","templated":true}]}}