{"id":25010,"date":"2015-06-13T22:10:06","date_gmt":"2015-06-13T19:10:06","guid":{"rendered":"http:\/\/sana.sy\/es\/?p=25010"},"modified":"2023-01-10T15:17:19","modified_gmt":"2023-01-10T13:17:19","slug":"se-celebra-una-exposicion-agricola-veterinaria-el-domingo-con-participacion-extranjera","status":"publish","type":"post","link":"https:\/\/archive.sana.sy\/es\/?p=25010","title":{"rendered":"Se celebra una exposici\u00f3n Agr\u00edcola-Veterinaria el domingo con participaci\u00f3n extranjera"},"content":{"rendered":"<p><span style=\"color: #800000\">Damasco-SANA<\/span><\/p>\n<p style=\"text-align: justify\">Una exposici\u00f3n Veterinaria- Agr\u00edcola abrir\u00e1 sus pertas en Damasco el domingo con la participaci\u00f3n de 23 empresas locales y extranjeras.<\/p>\n<p style=\"text-align: justify\">El Director del Departamento de Comercializaci\u00f3n Agr\u00edcola del Ministerio de Agricultura, Ing. Mohannad al-Asfar, dijo que la exposici\u00f3n se centra en los productos agr\u00edcolas, ganaderos, medicamentos veterinarios y vacunas, adem\u00e1s de los alimentos, las industrias agr\u00edcolas, maquinaria y estudios econ\u00f3micos relacionados.<\/p>\n<p style=\"text-align: justify\">En respecto a la participaci\u00f3n del Ministerio al-Asfar le inform\u00f3 a SANA, que las exposiciones se incluir\u00e1n tipos de medicamentos veterinarios y vacunas producidas por el Ministerio, adem\u00e1s de diversos productos y requisitos de la producci\u00f3n agropecuaria.<\/p>\n<p style=\"text-align: justify\">El objetivo de la exposici\u00f3n, se\u00f1al\u00f3, es mantener la comunicaci\u00f3n entre los agricultores, productores, comerciantes y consumidores, adem\u00e1s de la apertura de nuevos mercados de exportaci\u00f3n para las producciones agr\u00edcolas sirias.<\/p>\n<p style=\"text-align: justify\">La participaci\u00f3n extranjera en la exposici\u00f3n, que durar\u00e1 hasta el 16 de junio, incluye empresas de Alemania, Francia e Italia.<\/p>\n<p>M.Miri, Riad.Sh<\/p>\n","protected":false},"excerpt":{"rendered":"<p>Damasco-SANA Una exposici\u00f3n Veterinaria- Agr\u00edcola abrir\u00e1 sus pertas en Damasco el domingo con la participaci\u00f3n de 23 empresas locales y extranjeras. El Director del Departamento de Comercializaci\u00f3n Agr\u00edcola del Ministerio de Agricultura, Ing. Mohannad al-Asfar, dijo que la exposici\u00f3n se centra en los productos agr\u00edcolas, ganaderos, medicamentos veterinarios y vacunas, adem\u00e1s de los alimentos, las &hellip;<\/p>\n","protected":false},"author":1,"featured_media":25011,"comment_status":"closed","ping_status":"closed","sticky":false,"template":"","format":"standard","meta":{"footnotes":""},"categories":[485],"tags":[5635],"class_list":["post-25010","post","type-post","status-publish","format-standard","has-post-thumbnail","","category-informes-negocios-y-finanzas","tag-se-celebra-una-exposicion-agricola-veterinaria-el-domingo-con-participacion-extranjera"],"_links":{"self":[{"href":"https:\/\/archive.sana.sy\/es\/index.php?rest_route=\/wp\/v2\/posts\/25010"}],"collection":[{"href":"https:\/\/archive.sana.sy\/es\/index.php?rest_route=\/wp\/v2\/posts"}],"about":[{"href":"https:\/\/archive.sana.sy\/es\/index.php?rest_route=\/wp\/v2\/types\/post"}],"author":[{"embeddable":true,"href":"https:\/\/archive.sana.sy\/es\/index.php?rest_route=\/wp\/v2\/users\/1"}],"replies":[{"embeddable":true,"href":"https:\/\/archive.sana.sy\/es\/index.php?rest_route=%2Fwp%2Fv2%2Fcomments&post=25010"}],"version-history":[{"count":0,"href":"https:\/\/archive.sana.sy\/es\/index.php?rest_route=\/wp\/v2\/posts\/25010\/revisions"}],"wp:featuredmedia":[{"embeddable":true,"href":"https:\/\/archive.sana.sy\/es\/index.php?rest_route=\/wp\/v2\/media\/25011"}],"wp:attachment":[{"href":"https:\/\/archive.sana.sy\/es\/index.php?rest_route=%2Fwp%2Fv2%2Fmedia&parent=25010"}],"wp:term":[{"taxonomy":"category","embeddable":true,"href":"https:\/\/archive.sana.sy\/es\/index.php?rest_route=%2Fwp%2Fv2%2Fcategories&post=25010"},{"taxonomy":"post_tag","embeddable":true,"href":"https:\/\/archive.sana.sy\/es\/index.php?rest_route=%2Fwp%2Fv2%2Ftags&post=25010"}],"curies":[{"name":"wp","href":"https:\/\/api.w.org\/{rel}","templated":true}]}}