{"id":250128,"date":"2022-08-28T17:04:25","date_gmt":"2022-08-28T14:04:25","guid":{"rendered":"http:\/\/107.6.182.27\/es\/?p=250128"},"modified":"2022-08-28T17:05:57","modified_gmt":"2022-08-28T14:05:57","slug":"continua-la-rehabilitacion-del-septimo-bloque-de-riego-en-al-bukamal","status":"publish","type":"post","link":"https:\/\/archive.sana.sy\/es\/?p=250128","title":{"rendered":"Contin\u00faa la rehabilitaci\u00f3n del s\u00e9ptimo bloque de riego en Al-Bukamal"},"content":{"rendered":"<p style=\"text-align: justify;\"><span style=\"color: #800000;\"><strong>Deir Ezzor, 28 ago (SANA) <\/strong><\/span>La Corporaci\u00f3n Estatal de Recuperaci\u00f3n de Tierras contin\u00faa la labor del proyecto de rehabilitaci\u00f3n del s\u00e9ptimo sector de riego gubernamental en la ciudad de Al-Bukamal, en la zona rural de Deir Ezzor.<\/p>\n<p style=\"text-align: justify;\">Este proyecto se lleva a cabo en cooperaci\u00f3n con el Programa de las Naciones Unidas para el Desarrollo (PNUD) y la Organizaci\u00f3n de las Naciones Unidas para la Agricultura y la Alimentaci\u00f3n (FAO).<\/p>\n<p style=\"text-align: justify;\">El director de Operaci\u00f3n y Mantenimiento en la Cuenca Baja del \u00c9ufrates, Husein Hamdan, inform\u00f3 a nuestro corresponsal que el trabajo en el proyecto se ejecuta a trav\u00e9s de tres fases que incluyen el mantenimiento de la estaci\u00f3n principal y la estaci\u00f3n elevadora, adem\u00e1s de los canales de riego, con el fin de elevar el ritmo de trabajo para alcanzar una preparaci\u00f3n que permita operar el proyecto y ponerlo al servicio de los agricultores al principio de la pr\u00f3xima jornada de cultivos de invierno.<\/p>\n<p style=\"text-align: justify;\">\u201cEl proyecto se extiende por varios pueblos y ciudades en el campo oriental de Deir Ezzor, y riega 7.582 hect\u00e1reas de tierras agr\u00edcolas que quedaron fuera de servicio durante los \u00faltimos a\u00f1os&#8221;, agreg\u00f3 el director.<\/p>\n<p style=\"text-align: justify;\">A finales de 2020 fueron puestos en servicio los proyectos de riego en el tercer y quinto sector despu\u00e9s de rehabilitarlos, y actualmente riegan alrededor de 15.000 hect\u00e1reas de tierras agr\u00edcolas en el campo oriental de la provincia.<\/p>\n<p style=\"text-align: justify;\"><em><strong>ah\/rsh<\/strong><\/em><\/p>\n","protected":false},"excerpt":{"rendered":"<p>Deir Ezzor, 28 ago (SANA) La Corporaci\u00f3n Estatal de Recuperaci\u00f3n de Tierras contin\u00faa la labor del proyecto de rehabilitaci\u00f3n del s\u00e9ptimo sector de riego gubernamental en la ciudad de Al-Bukamal, en la zona rural de Deir Ezzor. Este proyecto se lleva a cabo en cooperaci\u00f3n con el Programa de las Naciones Unidas para el Desarrollo &hellip;<\/p>\n","protected":false},"author":30,"featured_media":250129,"comment_status":"closed","ping_status":"closed","sticky":false,"template":"","format":"standard","meta":{"footnotes":""},"categories":[477,597,20724,476,457,7541],"tags":[],"class_list":["post-250128","post","type-post","status-publish","format-standard","has-post-thumbnail","","category-noticias-edulcorantes","category-cinta-de-noticias","category-minuto-a-minuto","category-locales","category-noticias-arabe-internacional-politica","category-ultimas-noticias"],"_links":{"self":[{"href":"https:\/\/archive.sana.sy\/es\/index.php?rest_route=\/wp\/v2\/posts\/250128"}],"collection":[{"href":"https:\/\/archive.sana.sy\/es\/index.php?rest_route=\/wp\/v2\/posts"}],"about":[{"href":"https:\/\/archive.sana.sy\/es\/index.php?rest_route=\/wp\/v2\/types\/post"}],"author":[{"embeddable":true,"href":"https:\/\/archive.sana.sy\/es\/index.php?rest_route=\/wp\/v2\/users\/30"}],"replies":[{"embeddable":true,"href":"https:\/\/archive.sana.sy\/es\/index.php?rest_route=%2Fwp%2Fv2%2Fcomments&post=250128"}],"version-history":[{"count":0,"href":"https:\/\/archive.sana.sy\/es\/index.php?rest_route=\/wp\/v2\/posts\/250128\/revisions"}],"wp:featuredmedia":[{"embeddable":true,"href":"https:\/\/archive.sana.sy\/es\/index.php?rest_route=\/wp\/v2\/media\/250129"}],"wp:attachment":[{"href":"https:\/\/archive.sana.sy\/es\/index.php?rest_route=%2Fwp%2Fv2%2Fmedia&parent=250128"}],"wp:term":[{"taxonomy":"category","embeddable":true,"href":"https:\/\/archive.sana.sy\/es\/index.php?rest_route=%2Fwp%2Fv2%2Fcategories&post=250128"},{"taxonomy":"post_tag","embeddable":true,"href":"https:\/\/archive.sana.sy\/es\/index.php?rest_route=%2Fwp%2Fv2%2Ftags&post=250128"}],"curies":[{"name":"wp","href":"https:\/\/api.w.org\/{rel}","templated":true}]}}