{"id":250132,"date":"2022-08-28T17:08:18","date_gmt":"2022-08-28T14:08:18","guid":{"rendered":"http:\/\/107.6.182.27\/es\/?p=250132"},"modified":"2022-08-28T17:08:18","modified_gmt":"2022-08-28T14:08:18","slug":"memorando-de-entendimiento-para-capacitar-y-emplear-los-graduados-en-el-sector-turistico-privado","status":"publish","type":"post","link":"https:\/\/archive.sana.sy\/es\/?p=250132","title":{"rendered":"Memorando de Entendimiento para capacitar y emplear los graduados en el sector tur\u00edstico privado"},"content":{"rendered":"<p style=\"text-align: justify;\"><span style=\"color: #800000;\"><strong>Damasco, 28 ago (SANA) <\/strong><\/span>El Ministerio de Asuntos Sociales y Trabajo firm\u00f3 con el Ministerio de Turismo un memorando de entendimiento sobre \u201cformaci\u00f3n, capacitaci\u00f3n y vinculaci\u00f3n de los j\u00f3venes a las oportunidades de empleo disponibles en el sector tur\u00edstico privado\u201d.<\/p>\n<p style=\"text-align: justify;\">El memorando, firmado por el ministro de Turismo, Mohammed Martini, y el ministro de Asuntos Sociales y Trabajo Mohammed Saifeddin, tiene como objetivo familiarizar a los aprendices con las oportunidades de trabajo disponibles en el sector tur\u00edstico de acuerdo con los requisitos del mercado laboral.<\/p>\n<p style=\"text-align: justify;\">Asimismo, el memorando incluye la preparaci\u00f3n peri\u00f3dica de programas conjuntos de capacitaci\u00f3n entre los dos ministerios, la preparaci\u00f3n del plan ejecutivo para programas especializados de capacitaci\u00f3n tur\u00edstica y hotelera, desarrollar planes para promover programas conjuntos, la implementaci\u00f3n de talleres especializados y ferias de empleo.<\/p>\n<p style=\"text-align: justify;\"><em><strong>ah\/rsh<\/strong><\/em><\/p>\n","protected":false},"excerpt":{"rendered":"<p>Damasco, 28 ago (SANA) El Ministerio de Asuntos Sociales y Trabajo firm\u00f3 con el Ministerio de Turismo un memorando de entendimiento sobre \u201cformaci\u00f3n, capacitaci\u00f3n y vinculaci\u00f3n de los j\u00f3venes a las oportunidades de empleo disponibles en el sector tur\u00edstico privado\u201d. El memorando, firmado por el ministro de Turismo, Mohammed Martini, y el ministro de Asuntos &hellip;<\/p>\n","protected":false},"author":30,"featured_media":250133,"comment_status":"closed","ping_status":"closed","sticky":false,"template":"","format":"standard","meta":{"footnotes":""},"categories":[597,20724,476],"tags":[],"class_list":["post-250132","post","type-post","status-publish","format-standard","has-post-thumbnail","","category-cinta-de-noticias","category-minuto-a-minuto","category-locales"],"_links":{"self":[{"href":"https:\/\/archive.sana.sy\/es\/index.php?rest_route=\/wp\/v2\/posts\/250132"}],"collection":[{"href":"https:\/\/archive.sana.sy\/es\/index.php?rest_route=\/wp\/v2\/posts"}],"about":[{"href":"https:\/\/archive.sana.sy\/es\/index.php?rest_route=\/wp\/v2\/types\/post"}],"author":[{"embeddable":true,"href":"https:\/\/archive.sana.sy\/es\/index.php?rest_route=\/wp\/v2\/users\/30"}],"replies":[{"embeddable":true,"href":"https:\/\/archive.sana.sy\/es\/index.php?rest_route=%2Fwp%2Fv2%2Fcomments&post=250132"}],"version-history":[{"count":0,"href":"https:\/\/archive.sana.sy\/es\/index.php?rest_route=\/wp\/v2\/posts\/250132\/revisions"}],"wp:featuredmedia":[{"embeddable":true,"href":"https:\/\/archive.sana.sy\/es\/index.php?rest_route=\/wp\/v2\/media\/250133"}],"wp:attachment":[{"href":"https:\/\/archive.sana.sy\/es\/index.php?rest_route=%2Fwp%2Fv2%2Fmedia&parent=250132"}],"wp:term":[{"taxonomy":"category","embeddable":true,"href":"https:\/\/archive.sana.sy\/es\/index.php?rest_route=%2Fwp%2Fv2%2Fcategories&post=250132"},{"taxonomy":"post_tag","embeddable":true,"href":"https:\/\/archive.sana.sy\/es\/index.php?rest_route=%2Fwp%2Fv2%2Ftags&post=250132"}],"curies":[{"name":"wp","href":"https:\/\/api.w.org\/{rel}","templated":true}]}}