{"id":250150,"date":"2022-08-28T19:47:20","date_gmt":"2022-08-28T16:47:20","guid":{"rendered":"http:\/\/107.6.182.27\/es\/?p=250150"},"modified":"2022-08-28T19:47:20","modified_gmt":"2022-08-28T16:47:20","slug":"ministerio-de-administracion-local-examina-con-acnur-las-areas-de-cooperacion-bilateral","status":"publish","type":"post","link":"https:\/\/archive.sana.sy\/es\/?p=250150","title":{"rendered":"Ministerio de Administraci\u00f3n Local examina con ACNUR las \u00e1reas de cooperaci\u00f3n bilateral"},"content":{"rendered":"<p style=\"text-align: justify;\"><strong><span style=\"color: #800000;\">Damasco, 28 ago (SANA)<\/span> <\/strong>El Ministro de Administraci\u00f3n Local y Medio Ambiente, presidente del Comit\u00e9 Superior de Socorro, Husein Makhlouf, examin\u00f3 con el jefe de la misi\u00f3n del Alto Comisionado de las Naciones Unidas para los Refugiados (ACNUR) en Siria, Sifanka Dana Balla, \u00e1reas de cooperaci\u00f3n bilateral y la posibilidad de dar apoyo al proceso de retorno de los desplazados y refugiados sirios a su pa\u00eds.<\/p>\n<p style=\"text-align: justify;\">El ministro Makhlouf afirm\u00f3 durante la reuni\u00f3n que una de las prioridades del estado sirio es crear las condiciones para el regreso voluntario y seguro de todos los sirios a su patria, mientras que al mismo tiempo trabaja para completar la rehabilitaci\u00f3n de la infraestructura en las \u00e1reas liberadas.<\/p>\n<p style=\"text-align: justify;\">Makhlouf se\u00f1al\u00f3 la importancia de los proyectos implementados en cooperaci\u00f3n con el Ministerio y ACNUR, especialmente los proyectos de iluminaci\u00f3n con energ\u00edas renovables, reparaci\u00f3n de viviendas da\u00f1adas, preparaci\u00f3n temporal de centros de acogida y la rehabilitaci\u00f3n de infraestructura en varias regiones.<\/p>\n<p style=\"text-align: justify;\">Por su parte, Dana Balla indic\u00f3 que las facilidades proporcionadas por el gobierno sirio contribuyeron a acelerar el trabajo de la Comisi\u00f3n en Siria, expresando su esperanza de continuar la coordinaci\u00f3n para crear las condiciones adecuadas para el regreso de los refugiados a su patria.<\/p>\n<p style=\"text-align: justify;\">Dana Balla indic\u00f3 que la reuni\u00f3n se enmarca en la preparaci\u00f3n de la visita del Alto Comisionado de las Naciones Unidas para los Refugiados, Filippo Grandi, a la regi\u00f3n con el objetivo de analizar la situaci\u00f3n de los desplazados en Siria y pa\u00edses vecinos, y los presentes y futuros proyectos de cooperaci\u00f3n entre las dos partes.<\/p>\n<p style=\"text-align: justify;\"><em><strong>rsh\/ah<\/strong><\/em><\/p>\n","protected":false},"excerpt":{"rendered":"<p>Damasco, 28 ago (SANA) El Ministro de Administraci\u00f3n Local y Medio Ambiente, presidente del Comit\u00e9 Superior de Socorro, Husein Makhlouf, examin\u00f3 con el jefe de la misi\u00f3n del Alto Comisionado de las Naciones Unidas para los Refugiados (ACNUR) en Siria, Sifanka Dana Balla, \u00e1reas de cooperaci\u00f3n bilateral y la posibilidad de dar apoyo al proceso &hellip;<\/p>\n","protected":false},"author":30,"featured_media":250151,"comment_status":"closed","ping_status":"closed","sticky":false,"template":"","format":"standard","meta":{"footnotes":""},"categories":[597,20724,467,7541],"tags":[],"class_list":["post-250150","post","type-post","status-publish","format-standard","has-post-thumbnail","","category-cinta-de-noticias","category-minuto-a-minuto","category-siria-y-el-mundo","category-ultimas-noticias"],"_links":{"self":[{"href":"https:\/\/archive.sana.sy\/es\/index.php?rest_route=\/wp\/v2\/posts\/250150"}],"collection":[{"href":"https:\/\/archive.sana.sy\/es\/index.php?rest_route=\/wp\/v2\/posts"}],"about":[{"href":"https:\/\/archive.sana.sy\/es\/index.php?rest_route=\/wp\/v2\/types\/post"}],"author":[{"embeddable":true,"href":"https:\/\/archive.sana.sy\/es\/index.php?rest_route=\/wp\/v2\/users\/30"}],"replies":[{"embeddable":true,"href":"https:\/\/archive.sana.sy\/es\/index.php?rest_route=%2Fwp%2Fv2%2Fcomments&post=250150"}],"version-history":[{"count":0,"href":"https:\/\/archive.sana.sy\/es\/index.php?rest_route=\/wp\/v2\/posts\/250150\/revisions"}],"wp:featuredmedia":[{"embeddable":true,"href":"https:\/\/archive.sana.sy\/es\/index.php?rest_route=\/wp\/v2\/media\/250151"}],"wp:attachment":[{"href":"https:\/\/archive.sana.sy\/es\/index.php?rest_route=%2Fwp%2Fv2%2Fmedia&parent=250150"}],"wp:term":[{"taxonomy":"category","embeddable":true,"href":"https:\/\/archive.sana.sy\/es\/index.php?rest_route=%2Fwp%2Fv2%2Fcategories&post=250150"},{"taxonomy":"post_tag","embeddable":true,"href":"https:\/\/archive.sana.sy\/es\/index.php?rest_route=%2Fwp%2Fv2%2Ftags&post=250150"}],"curies":[{"name":"wp","href":"https:\/\/api.w.org\/{rel}","templated":true}]}}