{"id":250244,"date":"2022-08-29T19:20:44","date_gmt":"2022-08-29T16:20:44","guid":{"rendered":"http:\/\/107.6.182.27\/es\/?p=250244"},"modified":"2022-08-29T22:12:21","modified_gmt":"2022-08-29T19:12:21","slug":"acto-de-solidaridad-en-siria-con-los-prisioneros-palestinos-en-las-carceles-israelies","status":"publish","type":"post","link":"https:\/\/archive.sana.sy\/es\/?p=250244","title":{"rendered":"Acto de solidaridad en Siria con los prisioneros palestinos en las c\u00e1rceles israel\u00edes"},"content":{"rendered":"<p style=\"text-align: justify;\"><span style=\"color: #800000;\"><strong>Damasco, 29 ago (SANA)<\/strong><\/span> Los participantes en el acto de solidaridad con los prisioneros y detenidos en las c\u00e1rceles de la ocupaci\u00f3n israel\u00ed, llamaron a la comunidad internacional y a las instituciones humanitarias y de derechos humanos a intervenir urgentemente para proteger los prisioneros y presionar al ocupante para que cumpla las normas del derecho internacional humanitario y poner en libertad a los prisioneros.<\/p>\n<p style=\"text-align: justify;\">Durante el evento, organizado por el Frente Popular para la Liberaci\u00f3n de Palestina en la sede del Consejo Nacional Palestino en Damasco, los presentes ratificaron su apoyo y solidaridad con los prisioneros ante las violaciones y pr\u00e1cticas brutales que sufren por parte de las autoridades de ocupaci\u00f3n.<\/p>\n<p style=\"text-align: justify;\">Asimismo, denunciaron el \u201csospechoso\u201d silencio internacional ante tal medida brutal de Israel, y saludaron las posiciones de apoyo de los pa\u00edses y fuerzas del eje de resistencia, encabezados por Siria, a la causa del pueblo palestino.<\/p>\n<p style=\"text-align: justify;\">Por su parte, el miembro del Bur\u00f3 Pol\u00edtico del Frente Popular para la Liberaci\u00f3n de Palestina, Ahmed Abu Al-Saud, hizo una presentaci\u00f3n sobre las pr\u00e1cticas arbitrarias y brutales de la ocupaci\u00f3n contra los prisioneros y detenidos, y recalc\u00f3 la necesidad de solidarizarse con ellos y transmitirles su voz al mundo para apoyarlos y liberarlos del cautiverio.<\/p>\n<p>mm\/fm<\/p>\n","protected":false},"excerpt":{"rendered":"<p>Damasco, 29 ago (SANA) Los participantes en el acto de solidaridad con los prisioneros y detenidos en las c\u00e1rceles de la ocupaci\u00f3n israel\u00ed, llamaron a la comunidad internacional y a las instituciones humanitarias y de derechos humanos a intervenir urgentemente para proteger los prisioneros y presionar al ocupante para que cumpla las normas del derecho &hellip;<\/p>\n","protected":false},"author":36,"featured_media":250245,"comment_status":"closed","ping_status":"closed","sticky":false,"template":"","format":"standard","meta":{"footnotes":""},"categories":[597,467,7541],"tags":[],"class_list":["post-250244","post","type-post","status-publish","format-standard","has-post-thumbnail","","category-cinta-de-noticias","category-siria-y-el-mundo","category-ultimas-noticias"],"_links":{"self":[{"href":"https:\/\/archive.sana.sy\/es\/index.php?rest_route=\/wp\/v2\/posts\/250244"}],"collection":[{"href":"https:\/\/archive.sana.sy\/es\/index.php?rest_route=\/wp\/v2\/posts"}],"about":[{"href":"https:\/\/archive.sana.sy\/es\/index.php?rest_route=\/wp\/v2\/types\/post"}],"author":[{"embeddable":true,"href":"https:\/\/archive.sana.sy\/es\/index.php?rest_route=\/wp\/v2\/users\/36"}],"replies":[{"embeddable":true,"href":"https:\/\/archive.sana.sy\/es\/index.php?rest_route=%2Fwp%2Fv2%2Fcomments&post=250244"}],"version-history":[{"count":0,"href":"https:\/\/archive.sana.sy\/es\/index.php?rest_route=\/wp\/v2\/posts\/250244\/revisions"}],"wp:featuredmedia":[{"embeddable":true,"href":"https:\/\/archive.sana.sy\/es\/index.php?rest_route=\/wp\/v2\/media\/250245"}],"wp:attachment":[{"href":"https:\/\/archive.sana.sy\/es\/index.php?rest_route=%2Fwp%2Fv2%2Fmedia&parent=250244"}],"wp:term":[{"taxonomy":"category","embeddable":true,"href":"https:\/\/archive.sana.sy\/es\/index.php?rest_route=%2Fwp%2Fv2%2Fcategories&post=250244"},{"taxonomy":"post_tag","embeddable":true,"href":"https:\/\/archive.sana.sy\/es\/index.php?rest_route=%2Fwp%2Fv2%2Ftags&post=250244"}],"curies":[{"name":"wp","href":"https:\/\/api.w.org\/{rel}","templated":true}]}}